{"id":98283,"date":"2025-07-29T13:42:12","date_gmt":"2025-07-29T13:42:12","guid":{"rendered":"https:\/\/www.kursaal.eus\/2025\/07\/kursaal-tu-espacio-para-dialogar-sentir-y-crecer\/"},"modified":"2025-07-29T13:48:51","modified_gmt":"2025-07-29T13:48:51","slug":"kursaal-tu-espacio-para-dialogar-sentir-y-crecer","status":"publish","type":"post","link":"https:\/\/www.kursaal.eus\/fr\/2025\/07\/kursaal-tu-espacio-para-dialogar-sentir-y-crecer\/","title":{"rendered":"Kursaal Congress Centre"},"content":{"rendered":"<p>Situ\u00e9 face \u00e0 la mer et en plein centre-ville, le Kursaal est un ensemble architectural d\u2019avant-garde dot\u00e9 d\u2019espaces polyvalents et modulables. Con\u00e7u par le prestigieux architecte Rafael Moneo, il dispose de 2 auditoriums et de 20 salles de r\u00e9union \u00e9quip\u00e9s des derni\u00e8res technologies, ce qui en fait, avec son \u00e9quipe exp\u00e9riment\u00e9e, le lieu id\u00e9al pour accueillir tous types d&rsquo;\u00e9v\u00e9nements. 1 500 m2 de fa\u00e7ade LED \u00e0 la disposition de votre \u00e9v\u00e9nement, un puissant outil de communication pour g\u00e9n\u00e9rer de la notori\u00e9t\u00e9 et enthousiasmer votre public.<\/p>\n<p>Au Kursaal, tout ce que vous pouvez imaginer pour votre \u00e9v\u00e9nement est \u00e0 votre port\u00e9e.<\/p>\n<p>&nbsp;<\/p>\n","protected":false},"excerpt":{"rendered":"<p>Situ\u00e9 face \u00e0 la mer et en plein centre-ville, le Kursaal est un ensemble architectural d\u2019avant-garde dot\u00e9 d\u2019espaces polyvalents et modulables. Con\u00e7u par le prestigieux architecte Rafael Moneo, il dispose de 2 auditoriums et de [&hellip;]<\/p>\n","protected":false},"author":10000097,"featured_media":98278,"comment_status":"closed","ping_status":"closed","sticky":false,"template":"","format":"video","meta":{"_acf_changed":false,"footnotes":""},"categories":[96],"tags":[],"class_list":["post-98283","post","type-post","status-publish","format-video","has-post-thumbnail","hentry","category-videos-fr","post_format-post-format-video"],"acf":[],"yoast_head":"<!-- This site is optimized with the Yoast SEO plugin v27.0 - https:\/\/yoast.com\/product\/yoast-seo-wordpress\/ -->\n<title>Kursaal Congress Centre - Kursaal Donostia - San Sebasti\u00e1n<\/title>\n<meta name=\"robots\" content=\"index, follow, max-snippet:-1, max-image-preview:large, max-video-preview:-1\" \/>\n<link rel=\"canonical\" href=\"https:\/\/www.kursaal.eus\/fr\/2025\/07\/kursaal-tu-espacio-para-dialogar-sentir-y-crecer\/\" \/>\n<meta property=\"og:locale\" content=\"fr_FR\" \/>\n<meta property=\"og:type\" content=\"article\" \/>\n<meta property=\"og:title\" content=\"Kursaal Congress Centre - Kursaal Donostia - San Sebasti\u00e1n\" \/>\n<meta property=\"og:description\" content=\"Situ\u00e9 face \u00e0 la mer et en plein centre-ville, le Kursaal est un ensemble architectural d\u2019avant-garde dot\u00e9 d\u2019espaces polyvalents et modulables. Con\u00e7u par le prestigieux architecte Rafael Moneo, il dispose de 2 auditoriums et de [&hellip;]\" \/>\n<meta property=\"og:url\" content=\"https:\/\/www.kursaal.eus\/fr\/2025\/07\/kursaal-tu-espacio-para-dialogar-sentir-y-crecer\/\" \/>\n<meta property=\"og:site_name\" content=\"Kursaal Donostia - San Sebasti\u00e1n\" \/>\n<meta property=\"article:publisher\" content=\"https:\/\/www.facebook.com\/KursaalPalaciodeCongresosBiltzarJauregia\" \/>\n<meta property=\"article:published_time\" content=\"2025-07-29T13:42:12+00:00\" \/>\n<meta property=\"article:modified_time\" content=\"2025-07-29T13:48:51+00:00\" \/>\n<meta property=\"og:image\" content=\"https:\/\/www.kursaal.eus\/wp-content\/uploads\/2025\/07\/kursaal2.png\" \/>\n\t<meta property=\"og:image:width\" content=\"730\" \/>\n\t<meta property=\"og:image:height\" content=\"640\" \/>\n\t<meta property=\"og:image:type\" content=\"image\/png\" \/>\n<meta name=\"author\" content=\"comunicacion\" \/>\n<meta name=\"twitter:label1\" content=\"\u00c9crit par\" \/>\n\t<meta name=\"twitter:data1\" content=\"comunicacion\" \/>\n\t<meta name=\"twitter:label2\" content=\"Dur\u00e9e de lecture estim\u00e9e\" \/>\n\t<meta name=\"twitter:data2\" content=\"1 minute\" \/>\n<script type=\"application\/ld+json\" class=\"yoast-schema-graph\">{\"@context\":\"https:\/\/schema.org\",\"@graph\":[{\"@type\":\"Article\",\"@id\":\"https:\/\/www.kursaal.eus\/fr\/2025\/07\/kursaal-tu-espacio-para-dialogar-sentir-y-crecer\/#article\",\"isPartOf\":{\"@id\":\"https:\/\/www.kursaal.eus\/fr\/2025\/07\/kursaal-tu-espacio-para-dialogar-sentir-y-crecer\/\"},\"author\":{\"name\":\"comunicacion\",\"@id\":\"https:\/\/www.kursaal.eus\/es\/#\/schema\/person\/b8c28e02584a8e9fdcbf64ff9acd5053\"},\"headline\":\"Kursaal Congress Centre\",\"datePublished\":\"2025-07-29T13:42:12+00:00\",\"dateModified\":\"2025-07-29T13:48:51+00:00\",\"mainEntityOfPage\":{\"@id\":\"https:\/\/www.kursaal.eus\/fr\/2025\/07\/kursaal-tu-espacio-para-dialogar-sentir-y-crecer\/\"},\"wordCount\":115,\"image\":{\"@id\":\"https:\/\/www.kursaal.eus\/fr\/2025\/07\/kursaal-tu-espacio-para-dialogar-sentir-y-crecer\/#primaryimage\"},\"thumbnailUrl\":\"https:\/\/www.kursaal.eus\/wp-content\/uploads\/2025\/07\/kursaal2.png\",\"articleSection\":[\"Vid\u00e9os\"],\"inLanguage\":\"fr-FR\"},{\"@type\":\"WebPage\",\"@id\":\"https:\/\/www.kursaal.eus\/fr\/2025\/07\/kursaal-tu-espacio-para-dialogar-sentir-y-crecer\/\",\"url\":\"https:\/\/www.kursaal.eus\/fr\/2025\/07\/kursaal-tu-espacio-para-dialogar-sentir-y-crecer\/\",\"name\":\"Kursaal Congress Centre - Kursaal Donostia - San Sebasti\u00e1n\",\"isPartOf\":{\"@id\":\"https:\/\/www.kursaal.eus\/es\/#website\"},\"primaryImageOfPage\":{\"@id\":\"https:\/\/www.kursaal.eus\/fr\/2025\/07\/kursaal-tu-espacio-para-dialogar-sentir-y-crecer\/#primaryimage\"},\"image\":{\"@id\":\"https:\/\/www.kursaal.eus\/fr\/2025\/07\/kursaal-tu-espacio-para-dialogar-sentir-y-crecer\/#primaryimage\"},\"thumbnailUrl\":\"https:\/\/www.kursaal.eus\/wp-content\/uploads\/2025\/07\/kursaal2.png\",\"datePublished\":\"2025-07-29T13:42:12+00:00\",\"dateModified\":\"2025-07-29T13:48:51+00:00\",\"author\":{\"@id\":\"https:\/\/www.kursaal.eus\/es\/#\/schema\/person\/b8c28e02584a8e9fdcbf64ff9acd5053\"},\"inLanguage\":\"fr-FR\",\"potentialAction\":[{\"@type\":\"ReadAction\",\"target\":[\"https:\/\/www.kursaal.eus\/fr\/2025\/07\/kursaal-tu-espacio-para-dialogar-sentir-y-crecer\/\"]}]},{\"@type\":\"ImageObject\",\"inLanguage\":\"fr-FR\",\"@id\":\"https:\/\/www.kursaal.eus\/fr\/2025\/07\/kursaal-tu-espacio-para-dialogar-sentir-y-crecer\/#primaryimage\",\"url\":\"https:\/\/www.kursaal.eus\/wp-content\/uploads\/2025\/07\/kursaal2.png\",\"contentUrl\":\"https:\/\/www.kursaal.eus\/wp-content\/uploads\/2025\/07\/kursaal2.png\",\"width\":730,\"height\":640},{\"@type\":\"WebSite\",\"@id\":\"https:\/\/www.kursaal.eus\/es\/#website\",\"url\":\"https:\/\/www.kursaal.eus\/es\/\",\"name\":\"Kursaal Donostia - San Sebasti\u00e1n\",\"description\":\"Palacio de Congresos y Auditorio\",\"potentialAction\":[{\"@type\":\"SearchAction\",\"target\":{\"@type\":\"EntryPoint\",\"urlTemplate\":\"https:\/\/www.kursaal.eus\/es\/?s={search_term_string}\"},\"query-input\":{\"@type\":\"PropertyValueSpecification\",\"valueRequired\":true,\"valueName\":\"search_term_string\"}}],\"inLanguage\":\"fr-FR\"},{\"@type\":\"Person\",\"@id\":\"https:\/\/www.kursaal.eus\/es\/#\/schema\/person\/b8c28e02584a8e9fdcbf64ff9acd5053\",\"name\":\"comunicacion\",\"image\":{\"@type\":\"ImageObject\",\"inLanguage\":\"fr-FR\",\"@id\":\"https:\/\/www.kursaal.eus\/es\/#\/schema\/person\/image\/\",\"url\":\"https:\/\/secure.gravatar.com\/avatar\/05dbd93060e242fcd0a0aae159412e2e61b5bda978f63039debb356bb03ab841?s=96&d=mm&r=g\",\"contentUrl\":\"https:\/\/secure.gravatar.com\/avatar\/05dbd93060e242fcd0a0aae159412e2e61b5bda978f63039debb356bb03ab841?s=96&d=mm&r=g\",\"caption\":\"comunicacion\"},\"url\":\"https:\/\/www.kursaal.eus\/fr\/author\/comunicacion\/\"}]}<\/script>\n<!-- \/ Yoast SEO plugin. -->","yoast_head_json":{"title":"Kursaal Congress Centre - Kursaal Donostia - San Sebasti\u00e1n","robots":{"index":"index","follow":"follow","max-snippet":"max-snippet:-1","max-image-preview":"max-image-preview:large","max-video-preview":"max-video-preview:-1"},"canonical":"https:\/\/www.kursaal.eus\/fr\/2025\/07\/kursaal-tu-espacio-para-dialogar-sentir-y-crecer\/","og_locale":"fr_FR","og_type":"article","og_title":"Kursaal Congress Centre - Kursaal Donostia - San Sebasti\u00e1n","og_description":"Situ\u00e9 face \u00e0 la mer et en plein centre-ville, le Kursaal est un ensemble architectural d\u2019avant-garde dot\u00e9 d\u2019espaces polyvalents et modulables. Con\u00e7u par le prestigieux architecte Rafael Moneo, il dispose de 2 auditoriums et de [&hellip;]","og_url":"https:\/\/www.kursaal.eus\/fr\/2025\/07\/kursaal-tu-espacio-para-dialogar-sentir-y-crecer\/","og_site_name":"Kursaal Donostia - San Sebasti\u00e1n","article_publisher":"https:\/\/www.facebook.com\/KursaalPalaciodeCongresosBiltzarJauregia","article_published_time":"2025-07-29T13:42:12+00:00","article_modified_time":"2025-07-29T13:48:51+00:00","og_image":[{"width":730,"height":640,"url":"https:\/\/www.kursaal.eus\/wp-content\/uploads\/2025\/07\/kursaal2.png","type":"image\/png"}],"author":"comunicacion","twitter_misc":{"\u00c9crit par":"comunicacion","Dur\u00e9e de lecture estim\u00e9e":"1 minute"},"schema":{"@context":"https:\/\/schema.org","@graph":[{"@type":"Article","@id":"https:\/\/www.kursaal.eus\/fr\/2025\/07\/kursaal-tu-espacio-para-dialogar-sentir-y-crecer\/#article","isPartOf":{"@id":"https:\/\/www.kursaal.eus\/fr\/2025\/07\/kursaal-tu-espacio-para-dialogar-sentir-y-crecer\/"},"author":{"name":"comunicacion","@id":"https:\/\/www.kursaal.eus\/es\/#\/schema\/person\/b8c28e02584a8e9fdcbf64ff9acd5053"},"headline":"Kursaal Congress Centre","datePublished":"2025-07-29T13:42:12+00:00","dateModified":"2025-07-29T13:48:51+00:00","mainEntityOfPage":{"@id":"https:\/\/www.kursaal.eus\/fr\/2025\/07\/kursaal-tu-espacio-para-dialogar-sentir-y-crecer\/"},"wordCount":115,"image":{"@id":"https:\/\/www.kursaal.eus\/fr\/2025\/07\/kursaal-tu-espacio-para-dialogar-sentir-y-crecer\/#primaryimage"},"thumbnailUrl":"https:\/\/www.kursaal.eus\/wp-content\/uploads\/2025\/07\/kursaal2.png","articleSection":["Vid\u00e9os"],"inLanguage":"fr-FR"},{"@type":"WebPage","@id":"https:\/\/www.kursaal.eus\/fr\/2025\/07\/kursaal-tu-espacio-para-dialogar-sentir-y-crecer\/","url":"https:\/\/www.kursaal.eus\/fr\/2025\/07\/kursaal-tu-espacio-para-dialogar-sentir-y-crecer\/","name":"Kursaal Congress Centre - Kursaal Donostia - San Sebasti\u00e1n","isPartOf":{"@id":"https:\/\/www.kursaal.eus\/es\/#website"},"primaryImageOfPage":{"@id":"https:\/\/www.kursaal.eus\/fr\/2025\/07\/kursaal-tu-espacio-para-dialogar-sentir-y-crecer\/#primaryimage"},"image":{"@id":"https:\/\/www.kursaal.eus\/fr\/2025\/07\/kursaal-tu-espacio-para-dialogar-sentir-y-crecer\/#primaryimage"},"thumbnailUrl":"https:\/\/www.kursaal.eus\/wp-content\/uploads\/2025\/07\/kursaal2.png","datePublished":"2025-07-29T13:42:12+00:00","dateModified":"2025-07-29T13:48:51+00:00","author":{"@id":"https:\/\/www.kursaal.eus\/es\/#\/schema\/person\/b8c28e02584a8e9fdcbf64ff9acd5053"},"inLanguage":"fr-FR","potentialAction":[{"@type":"ReadAction","target":["https:\/\/www.kursaal.eus\/fr\/2025\/07\/kursaal-tu-espacio-para-dialogar-sentir-y-crecer\/"]}]},{"@type":"ImageObject","inLanguage":"fr-FR","@id":"https:\/\/www.kursaal.eus\/fr\/2025\/07\/kursaal-tu-espacio-para-dialogar-sentir-y-crecer\/#primaryimage","url":"https:\/\/www.kursaal.eus\/wp-content\/uploads\/2025\/07\/kursaal2.png","contentUrl":"https:\/\/www.kursaal.eus\/wp-content\/uploads\/2025\/07\/kursaal2.png","width":730,"height":640},{"@type":"WebSite","@id":"https:\/\/www.kursaal.eus\/es\/#website","url":"https:\/\/www.kursaal.eus\/es\/","name":"Kursaal Donostia - San Sebasti\u00e1n","description":"Palacio de Congresos y Auditorio","potentialAction":[{"@type":"SearchAction","target":{"@type":"EntryPoint","urlTemplate":"https:\/\/www.kursaal.eus\/es\/?s={search_term_string}"},"query-input":{"@type":"PropertyValueSpecification","valueRequired":true,"valueName":"search_term_string"}}],"inLanguage":"fr-FR"},{"@type":"Person","@id":"https:\/\/www.kursaal.eus\/es\/#\/schema\/person\/b8c28e02584a8e9fdcbf64ff9acd5053","name":"comunicacion","image":{"@type":"ImageObject","inLanguage":"fr-FR","@id":"https:\/\/www.kursaal.eus\/es\/#\/schema\/person\/image\/","url":"https:\/\/secure.gravatar.com\/avatar\/05dbd93060e242fcd0a0aae159412e2e61b5bda978f63039debb356bb03ab841?s=96&d=mm&r=g","contentUrl":"https:\/\/secure.gravatar.com\/avatar\/05dbd93060e242fcd0a0aae159412e2e61b5bda978f63039debb356bb03ab841?s=96&d=mm&r=g","caption":"comunicacion"},"url":"https:\/\/www.kursaal.eus\/fr\/author\/comunicacion\/"}]}},"_links":{"self":[{"href":"https:\/\/www.kursaal.eus\/fr\/wp-json\/wp\/v2\/posts\/98283","targetHints":{"allow":["GET"]}}],"collection":[{"href":"https:\/\/www.kursaal.eus\/fr\/wp-json\/wp\/v2\/posts"}],"about":[{"href":"https:\/\/www.kursaal.eus\/fr\/wp-json\/wp\/v2\/types\/post"}],"author":[{"embeddable":true,"href":"https:\/\/www.kursaal.eus\/fr\/wp-json\/wp\/v2\/users\/10000097"}],"replies":[{"embeddable":true,"href":"https:\/\/www.kursaal.eus\/fr\/wp-json\/wp\/v2\/comments?post=98283"}],"version-history":[{"count":3,"href":"https:\/\/www.kursaal.eus\/fr\/wp-json\/wp\/v2\/posts\/98283\/revisions"}],"predecessor-version":[{"id":98291,"href":"https:\/\/www.kursaal.eus\/fr\/wp-json\/wp\/v2\/posts\/98283\/revisions\/98291"}],"wp:featuredmedia":[{"embeddable":true,"href":"https:\/\/www.kursaal.eus\/fr\/wp-json\/wp\/v2\/media\/98278"}],"wp:attachment":[{"href":"https:\/\/www.kursaal.eus\/fr\/wp-json\/wp\/v2\/media?parent=98283"}],"wp:term":[{"taxonomy":"category","embeddable":true,"href":"https:\/\/www.kursaal.eus\/fr\/wp-json\/wp\/v2\/categories?post=98283"},{"taxonomy":"post_tag","embeddable":true,"href":"https:\/\/www.kursaal.eus\/fr\/wp-json\/wp\/v2\/tags?post=98283"}],"curies":[{"name":"wp","href":"https:\/\/api.w.org\/{rel}","templated":true}]}}