{"id":98263,"date":"2025-07-10T13:23:36","date_gmt":"2025-07-10T13:23:36","guid":{"rendered":"https:\/\/www.kursaal.eus\/2025\/07\/bind-demo-day\/"},"modified":"2025-07-29T13:32:40","modified_gmt":"2025-07-29T13:32:40","slug":"bind-demo-day","status":"publish","type":"post","link":"https:\/\/www.kursaal.eus\/fr\/2025\/07\/bind-demo-day\/","title":{"rendered":"BIND Demo Day"},"content":{"rendered":"<p>La 9e \u00e9dition du BIND Demo Day am\u00e8ne la technologie de pointe au Kursaal gr\u00e2ce au Gouvernement basque et au Groupe SPRI, avec une proposition innovante. Cet \u00e9v\u00e9nement tirera pleinement parti de la polyvalence de nos espaces pour offrir une exp\u00e9rience unique aux acteurs cl\u00e9s de l\u2019industrie basque : startups, investisseurs et entreprises engag\u00e9es dans la transformation de l\u2019avenir.<\/p>\n","protected":false},"excerpt":{"rendered":"<p>La 9e \u00e9dition du BIND Demo Day am\u00e8ne la technologie de pointe au Kursaal gr\u00e2ce au Gouvernement basque et au Groupe SPRI, avec une proposition innovante. Cet \u00e9v\u00e9nement tirera pleinement parti de la polyvalence de [&hellip;]<\/p>\n","protected":false},"author":10000097,"featured_media":98259,"comment_status":"closed","ping_status":"closed","sticky":false,"template":"","format":"video","meta":{"_acf_changed":false,"footnotes":""},"categories":[79],"tags":[],"class_list":["post-98263","post","type-post","status-publish","format-video","has-post-thumbnail","hentry","category-evenements-passes","post_format-post-format-video"],"acf":[],"yoast_head":"<!-- This site is optimized with the Yoast SEO plugin v27.0 - https:\/\/yoast.com\/product\/yoast-seo-wordpress\/ -->\n<title>BIND Demo Day - Kursaal Donostia - San Sebasti\u00e1n<\/title>\n<meta name=\"robots\" content=\"index, follow, max-snippet:-1, max-image-preview:large, max-video-preview:-1\" \/>\n<link rel=\"canonical\" href=\"https:\/\/www.kursaal.eus\/fr\/2025\/07\/bind-demo-day\/\" \/>\n<meta property=\"og:locale\" content=\"fr_FR\" \/>\n<meta property=\"og:type\" content=\"article\" \/>\n<meta property=\"og:title\" content=\"BIND Demo Day - Kursaal Donostia - San Sebasti\u00e1n\" \/>\n<meta property=\"og:description\" content=\"La 9e \u00e9dition du BIND Demo Day am\u00e8ne la technologie de pointe au Kursaal gr\u00e2ce au Gouvernement basque et au Groupe SPRI, avec une proposition innovante. Cet \u00e9v\u00e9nement tirera pleinement parti de la polyvalence de [&hellip;]\" \/>\n<meta property=\"og:url\" content=\"https:\/\/www.kursaal.eus\/fr\/2025\/07\/bind-demo-day\/\" \/>\n<meta property=\"og:site_name\" content=\"Kursaal Donostia - San Sebasti\u00e1n\" \/>\n<meta property=\"article:publisher\" content=\"https:\/\/www.facebook.com\/KursaalPalaciodeCongresosBiltzarJauregia\" \/>\n<meta property=\"article:published_time\" content=\"2025-07-10T13:23:36+00:00\" \/>\n<meta property=\"article:modified_time\" content=\"2025-07-29T13:32:40+00:00\" \/>\n<meta property=\"og:image\" content=\"https:\/\/www.kursaal.eus\/wp-content\/uploads\/2025\/07\/BindDemoDay_1_MikelBlasco-scaled.jpg\" \/>\n\t<meta property=\"og:image:width\" content=\"2560\" \/>\n\t<meta property=\"og:image:height\" content=\"1707\" \/>\n\t<meta property=\"og:image:type\" content=\"image\/jpeg\" \/>\n<meta name=\"author\" content=\"comunicacion\" \/>\n<meta name=\"twitter:label1\" content=\"\u00c9crit par\" \/>\n\t<meta name=\"twitter:data1\" content=\"comunicacion\" \/>\n\t<meta name=\"twitter:label2\" content=\"Dur\u00e9e de lecture estim\u00e9e\" \/>\n\t<meta name=\"twitter:data2\" content=\"1 minute\" \/>\n<script type=\"application\/ld+json\" class=\"yoast-schema-graph\">{\"@context\":\"https:\/\/schema.org\",\"@graph\":[{\"@type\":\"Article\",\"@id\":\"https:\/\/www.kursaal.eus\/fr\/2025\/07\/bind-demo-day\/#article\",\"isPartOf\":{\"@id\":\"https:\/\/www.kursaal.eus\/fr\/2025\/07\/bind-demo-day\/\"},\"author\":{\"name\":\"comunicacion\",\"@id\":\"https:\/\/www.kursaal.eus\/es\/#\/schema\/person\/b8c28e02584a8e9fdcbf64ff9acd5053\"},\"headline\":\"BIND Demo Day\",\"datePublished\":\"2025-07-10T13:23:36+00:00\",\"dateModified\":\"2025-07-29T13:32:40+00:00\",\"mainEntityOfPage\":{\"@id\":\"https:\/\/www.kursaal.eus\/fr\/2025\/07\/bind-demo-day\/\"},\"wordCount\":69,\"image\":{\"@id\":\"https:\/\/www.kursaal.eus\/fr\/2025\/07\/bind-demo-day\/#primaryimage\"},\"thumbnailUrl\":\"https:\/\/www.kursaal.eus\/wp-content\/uploads\/2025\/07\/BindDemoDay_1_MikelBlasco-scaled.jpg\",\"articleSection\":[\"\u00c9v\u00e8nements pass\u00e9s\"],\"inLanguage\":\"fr-FR\"},{\"@type\":\"WebPage\",\"@id\":\"https:\/\/www.kursaal.eus\/fr\/2025\/07\/bind-demo-day\/\",\"url\":\"https:\/\/www.kursaal.eus\/fr\/2025\/07\/bind-demo-day\/\",\"name\":\"BIND Demo Day - Kursaal Donostia - San Sebasti\u00e1n\",\"isPartOf\":{\"@id\":\"https:\/\/www.kursaal.eus\/es\/#website\"},\"primaryImageOfPage\":{\"@id\":\"https:\/\/www.kursaal.eus\/fr\/2025\/07\/bind-demo-day\/#primaryimage\"},\"image\":{\"@id\":\"https:\/\/www.kursaal.eus\/fr\/2025\/07\/bind-demo-day\/#primaryimage\"},\"thumbnailUrl\":\"https:\/\/www.kursaal.eus\/wp-content\/uploads\/2025\/07\/BindDemoDay_1_MikelBlasco-scaled.jpg\",\"datePublished\":\"2025-07-10T13:23:36+00:00\",\"dateModified\":\"2025-07-29T13:32:40+00:00\",\"author\":{\"@id\":\"https:\/\/www.kursaal.eus\/es\/#\/schema\/person\/b8c28e02584a8e9fdcbf64ff9acd5053\"},\"inLanguage\":\"fr-FR\",\"potentialAction\":[{\"@type\":\"ReadAction\",\"target\":[\"https:\/\/www.kursaal.eus\/fr\/2025\/07\/bind-demo-day\/\"]}]},{\"@type\":\"ImageObject\",\"inLanguage\":\"fr-FR\",\"@id\":\"https:\/\/www.kursaal.eus\/fr\/2025\/07\/bind-demo-day\/#primaryimage\",\"url\":\"https:\/\/www.kursaal.eus\/wp-content\/uploads\/2025\/07\/BindDemoDay_1_MikelBlasco-scaled.jpg\",\"contentUrl\":\"https:\/\/www.kursaal.eus\/wp-content\/uploads\/2025\/07\/BindDemoDay_1_MikelBlasco-scaled.jpg\",\"width\":2560,\"height\":1707},{\"@type\":\"WebSite\",\"@id\":\"https:\/\/www.kursaal.eus\/es\/#website\",\"url\":\"https:\/\/www.kursaal.eus\/es\/\",\"name\":\"Kursaal Donostia - San Sebasti\u00e1n\",\"description\":\"Palacio de Congresos y Auditorio\",\"potentialAction\":[{\"@type\":\"SearchAction\",\"target\":{\"@type\":\"EntryPoint\",\"urlTemplate\":\"https:\/\/www.kursaal.eus\/es\/?s={search_term_string}\"},\"query-input\":{\"@type\":\"PropertyValueSpecification\",\"valueRequired\":true,\"valueName\":\"search_term_string\"}}],\"inLanguage\":\"fr-FR\"},{\"@type\":\"Person\",\"@id\":\"https:\/\/www.kursaal.eus\/es\/#\/schema\/person\/b8c28e02584a8e9fdcbf64ff9acd5053\",\"name\":\"comunicacion\",\"image\":{\"@type\":\"ImageObject\",\"inLanguage\":\"fr-FR\",\"@id\":\"https:\/\/www.kursaal.eus\/es\/#\/schema\/person\/image\/\",\"url\":\"https:\/\/secure.gravatar.com\/avatar\/05dbd93060e242fcd0a0aae159412e2e61b5bda978f63039debb356bb03ab841?s=96&d=mm&r=g\",\"contentUrl\":\"https:\/\/secure.gravatar.com\/avatar\/05dbd93060e242fcd0a0aae159412e2e61b5bda978f63039debb356bb03ab841?s=96&d=mm&r=g\",\"caption\":\"comunicacion\"},\"url\":\"https:\/\/www.kursaal.eus\/fr\/author\/comunicacion\/\"}]}<\/script>\n<!-- \/ Yoast SEO plugin. -->","yoast_head_json":{"title":"BIND Demo Day - Kursaal Donostia - San Sebasti\u00e1n","robots":{"index":"index","follow":"follow","max-snippet":"max-snippet:-1","max-image-preview":"max-image-preview:large","max-video-preview":"max-video-preview:-1"},"canonical":"https:\/\/www.kursaal.eus\/fr\/2025\/07\/bind-demo-day\/","og_locale":"fr_FR","og_type":"article","og_title":"BIND Demo Day - Kursaal Donostia - San Sebasti\u00e1n","og_description":"La 9e \u00e9dition du BIND Demo Day am\u00e8ne la technologie de pointe au Kursaal gr\u00e2ce au Gouvernement basque et au Groupe SPRI, avec une proposition innovante. Cet \u00e9v\u00e9nement tirera pleinement parti de la polyvalence de [&hellip;]","og_url":"https:\/\/www.kursaal.eus\/fr\/2025\/07\/bind-demo-day\/","og_site_name":"Kursaal Donostia - San Sebasti\u00e1n","article_publisher":"https:\/\/www.facebook.com\/KursaalPalaciodeCongresosBiltzarJauregia","article_published_time":"2025-07-10T13:23:36+00:00","article_modified_time":"2025-07-29T13:32:40+00:00","og_image":[{"width":2560,"height":1707,"url":"https:\/\/www.kursaal.eus\/wp-content\/uploads\/2025\/07\/BindDemoDay_1_MikelBlasco-scaled.jpg","type":"image\/jpeg"}],"author":"comunicacion","twitter_misc":{"\u00c9crit par":"comunicacion","Dur\u00e9e de lecture estim\u00e9e":"1 minute"},"schema":{"@context":"https:\/\/schema.org","@graph":[{"@type":"Article","@id":"https:\/\/www.kursaal.eus\/fr\/2025\/07\/bind-demo-day\/#article","isPartOf":{"@id":"https:\/\/www.kursaal.eus\/fr\/2025\/07\/bind-demo-day\/"},"author":{"name":"comunicacion","@id":"https:\/\/www.kursaal.eus\/es\/#\/schema\/person\/b8c28e02584a8e9fdcbf64ff9acd5053"},"headline":"BIND Demo Day","datePublished":"2025-07-10T13:23:36+00:00","dateModified":"2025-07-29T13:32:40+00:00","mainEntityOfPage":{"@id":"https:\/\/www.kursaal.eus\/fr\/2025\/07\/bind-demo-day\/"},"wordCount":69,"image":{"@id":"https:\/\/www.kursaal.eus\/fr\/2025\/07\/bind-demo-day\/#primaryimage"},"thumbnailUrl":"https:\/\/www.kursaal.eus\/wp-content\/uploads\/2025\/07\/BindDemoDay_1_MikelBlasco-scaled.jpg","articleSection":["\u00c9v\u00e8nements pass\u00e9s"],"inLanguage":"fr-FR"},{"@type":"WebPage","@id":"https:\/\/www.kursaal.eus\/fr\/2025\/07\/bind-demo-day\/","url":"https:\/\/www.kursaal.eus\/fr\/2025\/07\/bind-demo-day\/","name":"BIND Demo Day - Kursaal Donostia - San Sebasti\u00e1n","isPartOf":{"@id":"https:\/\/www.kursaal.eus\/es\/#website"},"primaryImageOfPage":{"@id":"https:\/\/www.kursaal.eus\/fr\/2025\/07\/bind-demo-day\/#primaryimage"},"image":{"@id":"https:\/\/www.kursaal.eus\/fr\/2025\/07\/bind-demo-day\/#primaryimage"},"thumbnailUrl":"https:\/\/www.kursaal.eus\/wp-content\/uploads\/2025\/07\/BindDemoDay_1_MikelBlasco-scaled.jpg","datePublished":"2025-07-10T13:23:36+00:00","dateModified":"2025-07-29T13:32:40+00:00","author":{"@id":"https:\/\/www.kursaal.eus\/es\/#\/schema\/person\/b8c28e02584a8e9fdcbf64ff9acd5053"},"inLanguage":"fr-FR","potentialAction":[{"@type":"ReadAction","target":["https:\/\/www.kursaal.eus\/fr\/2025\/07\/bind-demo-day\/"]}]},{"@type":"ImageObject","inLanguage":"fr-FR","@id":"https:\/\/www.kursaal.eus\/fr\/2025\/07\/bind-demo-day\/#primaryimage","url":"https:\/\/www.kursaal.eus\/wp-content\/uploads\/2025\/07\/BindDemoDay_1_MikelBlasco-scaled.jpg","contentUrl":"https:\/\/www.kursaal.eus\/wp-content\/uploads\/2025\/07\/BindDemoDay_1_MikelBlasco-scaled.jpg","width":2560,"height":1707},{"@type":"WebSite","@id":"https:\/\/www.kursaal.eus\/es\/#website","url":"https:\/\/www.kursaal.eus\/es\/","name":"Kursaal Donostia - San Sebasti\u00e1n","description":"Palacio de Congresos y Auditorio","potentialAction":[{"@type":"SearchAction","target":{"@type":"EntryPoint","urlTemplate":"https:\/\/www.kursaal.eus\/es\/?s={search_term_string}"},"query-input":{"@type":"PropertyValueSpecification","valueRequired":true,"valueName":"search_term_string"}}],"inLanguage":"fr-FR"},{"@type":"Person","@id":"https:\/\/www.kursaal.eus\/es\/#\/schema\/person\/b8c28e02584a8e9fdcbf64ff9acd5053","name":"comunicacion","image":{"@type":"ImageObject","inLanguage":"fr-FR","@id":"https:\/\/www.kursaal.eus\/es\/#\/schema\/person\/image\/","url":"https:\/\/secure.gravatar.com\/avatar\/05dbd93060e242fcd0a0aae159412e2e61b5bda978f63039debb356bb03ab841?s=96&d=mm&r=g","contentUrl":"https:\/\/secure.gravatar.com\/avatar\/05dbd93060e242fcd0a0aae159412e2e61b5bda978f63039debb356bb03ab841?s=96&d=mm&r=g","caption":"comunicacion"},"url":"https:\/\/www.kursaal.eus\/fr\/author\/comunicacion\/"}]}},"_links":{"self":[{"href":"https:\/\/www.kursaal.eus\/fr\/wp-json\/wp\/v2\/posts\/98263","targetHints":{"allow":["GET"]}}],"collection":[{"href":"https:\/\/www.kursaal.eus\/fr\/wp-json\/wp\/v2\/posts"}],"about":[{"href":"https:\/\/www.kursaal.eus\/fr\/wp-json\/wp\/v2\/types\/post"}],"author":[{"embeddable":true,"href":"https:\/\/www.kursaal.eus\/fr\/wp-json\/wp\/v2\/users\/10000097"}],"replies":[{"embeddable":true,"href":"https:\/\/www.kursaal.eus\/fr\/wp-json\/wp\/v2\/comments?post=98263"}],"version-history":[{"count":2,"href":"https:\/\/www.kursaal.eus\/fr\/wp-json\/wp\/v2\/posts\/98263\/revisions"}],"predecessor-version":[{"id":98269,"href":"https:\/\/www.kursaal.eus\/fr\/wp-json\/wp\/v2\/posts\/98263\/revisions\/98269"}],"wp:featuredmedia":[{"embeddable":true,"href":"https:\/\/www.kursaal.eus\/fr\/wp-json\/wp\/v2\/media\/98259"}],"wp:attachment":[{"href":"https:\/\/www.kursaal.eus\/fr\/wp-json\/wp\/v2\/media?parent=98263"}],"wp:term":[{"taxonomy":"category","embeddable":true,"href":"https:\/\/www.kursaal.eus\/fr\/wp-json\/wp\/v2\/categories?post=98263"},{"taxonomy":"post_tag","embeddable":true,"href":"https:\/\/www.kursaal.eus\/fr\/wp-json\/wp\/v2\/tags?post=98263"}],"curies":[{"name":"wp","href":"https:\/\/api.w.org\/{rel}","templated":true}]}}