{"id":98247,"date":"2025-06-16T13:03:42","date_gmt":"2025-06-16T13:03:42","guid":{"rendered":"https:\/\/www.kursaal.eus\/2025\/06\/international-symposium-on-bilingualism\/"},"modified":"2025-07-29T13:09:57","modified_gmt":"2025-07-29T13:09:57","slug":"international-symposium-on-bilingualism","status":"publish","type":"post","link":"https:\/\/www.kursaal.eus\/fr\/2025\/06\/international-symposium-on-bilingualism\/","title":{"rendered":"International Symposium on Bilingualism"},"content":{"rendered":"<p>Plus de 1 000 chercheurs et chercheuses ont rempli le Kursaal cette semaine d\u2019id\u00e9es, de d\u00e9bats et de savoir \u00e0 l\u2019occasion du plus grand congr\u00e8s international sur le bilinguisme.<\/p>\n<p>Le International Symposium on Bilingualism (ISB), forum de r\u00e9f\u00e9rence dans son domaine, a r\u00e9uni \u00e0 Donostia des voix majeures du monde entier autour d\u2019un objectif commun : continuer \u00e0 faire progresser la recherche, la th\u00e9orie et la pratique du bi- et multilinguisme.<\/p>\n<p>Merci au BCBL \u2014 Basque Center on Cognition, Brain and Language \u2014 pour avoir dirig\u00e9 l\u2019organisation de cette \u00e9dition \u2014 la premi\u00e8re organis\u00e9e au Pays basque \u2014 et pour avoir laiss\u00e9 un pr\u00e9cieux h\u00e9ritage dans la ville avec des initiatives telles que Euskera por el mundo, une session ouverte qui a rapproch\u00e9 le savoir scientifique des citoyens et mis en lumi\u00e8re l\u2019usage de l\u2019euskera, \u00e0 l\u2019int\u00e9rieur comme \u00e0 l\u2019ext\u00e9rieur de nos fronti\u00e8res.<\/p>\n","protected":false},"excerpt":{"rendered":"<p>Plus de 1 000 chercheurs et chercheuses ont rempli le Kursaal cette semaine d\u2019id\u00e9es, de d\u00e9bats et de savoir \u00e0 l\u2019occasion du plus grand congr\u00e8s international sur le bilinguisme. Le International Symposium on Bilingualism (ISB), [&hellip;]<\/p>\n","protected":false},"author":10000097,"featured_media":98243,"comment_status":"closed","ping_status":"closed","sticky":false,"template":"","format":"video","meta":{"_acf_changed":false,"footnotes":""},"categories":[79],"tags":[],"class_list":["post-98247","post","type-post","status-publish","format-video","has-post-thumbnail","hentry","category-evenements-passes","post_format-post-format-video"],"acf":[],"yoast_head":"<!-- This site is optimized with the Yoast SEO plugin v27.0 - https:\/\/yoast.com\/product\/yoast-seo-wordpress\/ -->\n<title>International Symposium on Bilingualism - Kursaal Donostia - San Sebasti\u00e1n<\/title>\n<meta name=\"robots\" content=\"index, follow, max-snippet:-1, max-image-preview:large, max-video-preview:-1\" \/>\n<link rel=\"canonical\" href=\"https:\/\/www.kursaal.eus\/fr\/2025\/06\/international-symposium-on-bilingualism\/\" \/>\n<meta property=\"og:locale\" content=\"fr_FR\" \/>\n<meta property=\"og:type\" content=\"article\" \/>\n<meta property=\"og:title\" content=\"International Symposium on Bilingualism - Kursaal Donostia - San Sebasti\u00e1n\" \/>\n<meta property=\"og:description\" content=\"Plus de 1 000 chercheurs et chercheuses ont rempli le Kursaal cette semaine d\u2019id\u00e9es, de d\u00e9bats et de savoir \u00e0 l\u2019occasion du plus grand congr\u00e8s international sur le bilinguisme. Le International Symposium on Bilingualism (ISB), [&hellip;]\" \/>\n<meta property=\"og:url\" content=\"https:\/\/www.kursaal.eus\/fr\/2025\/06\/international-symposium-on-bilingualism\/\" \/>\n<meta property=\"og:site_name\" content=\"Kursaal Donostia - San Sebasti\u00e1n\" \/>\n<meta property=\"article:publisher\" content=\"https:\/\/www.facebook.com\/KursaalPalaciodeCongresosBiltzarJauregia\" \/>\n<meta property=\"article:published_time\" content=\"2025-06-16T13:03:42+00:00\" \/>\n<meta property=\"article:modified_time\" content=\"2025-07-29T13:09:57+00:00\" \/>\n<meta property=\"og:image\" content=\"https:\/\/www.kursaal.eus\/wp-content\/uploads\/2025\/07\/1749819641253.jpeg\" \/>\n\t<meta property=\"og:image:width\" content=\"1200\" \/>\n\t<meta property=\"og:image:height\" content=\"1600\" \/>\n\t<meta property=\"og:image:type\" content=\"image\/jpeg\" \/>\n<meta name=\"author\" content=\"comunicacion\" \/>\n<meta name=\"twitter:label1\" content=\"\u00c9crit par\" \/>\n\t<meta name=\"twitter:data1\" content=\"comunicacion\" \/>\n\t<meta name=\"twitter:label2\" content=\"Dur\u00e9e de lecture estim\u00e9e\" \/>\n\t<meta name=\"twitter:data2\" content=\"1 minute\" \/>\n<script type=\"application\/ld+json\" class=\"yoast-schema-graph\">{\"@context\":\"https:\/\/schema.org\",\"@graph\":[{\"@type\":\"Article\",\"@id\":\"https:\/\/www.kursaal.eus\/fr\/2025\/06\/international-symposium-on-bilingualism\/#article\",\"isPartOf\":{\"@id\":\"https:\/\/www.kursaal.eus\/fr\/2025\/06\/international-symposium-on-bilingualism\/\"},\"author\":{\"name\":\"comunicacion\",\"@id\":\"https:\/\/www.kursaal.eus\/es\/#\/schema\/person\/b8c28e02584a8e9fdcbf64ff9acd5053\"},\"headline\":\"International Symposium on Bilingualism\",\"datePublished\":\"2025-06-16T13:03:42+00:00\",\"dateModified\":\"2025-07-29T13:09:57+00:00\",\"mainEntityOfPage\":{\"@id\":\"https:\/\/www.kursaal.eus\/fr\/2025\/06\/international-symposium-on-bilingualism\/\"},\"wordCount\":158,\"image\":{\"@id\":\"https:\/\/www.kursaal.eus\/fr\/2025\/06\/international-symposium-on-bilingualism\/#primaryimage\"},\"thumbnailUrl\":\"https:\/\/www.kursaal.eus\/wp-content\/uploads\/2025\/07\/1749819641253.jpeg\",\"articleSection\":[\"\u00c9v\u00e8nements pass\u00e9s\"],\"inLanguage\":\"fr-FR\"},{\"@type\":\"WebPage\",\"@id\":\"https:\/\/www.kursaal.eus\/fr\/2025\/06\/international-symposium-on-bilingualism\/\",\"url\":\"https:\/\/www.kursaal.eus\/fr\/2025\/06\/international-symposium-on-bilingualism\/\",\"name\":\"International Symposium on Bilingualism - Kursaal Donostia - San Sebasti\u00e1n\",\"isPartOf\":{\"@id\":\"https:\/\/www.kursaal.eus\/es\/#website\"},\"primaryImageOfPage\":{\"@id\":\"https:\/\/www.kursaal.eus\/fr\/2025\/06\/international-symposium-on-bilingualism\/#primaryimage\"},\"image\":{\"@id\":\"https:\/\/www.kursaal.eus\/fr\/2025\/06\/international-symposium-on-bilingualism\/#primaryimage\"},\"thumbnailUrl\":\"https:\/\/www.kursaal.eus\/wp-content\/uploads\/2025\/07\/1749819641253.jpeg\",\"datePublished\":\"2025-06-16T13:03:42+00:00\",\"dateModified\":\"2025-07-29T13:09:57+00:00\",\"author\":{\"@id\":\"https:\/\/www.kursaal.eus\/es\/#\/schema\/person\/b8c28e02584a8e9fdcbf64ff9acd5053\"},\"inLanguage\":\"fr-FR\",\"potentialAction\":[{\"@type\":\"ReadAction\",\"target\":[\"https:\/\/www.kursaal.eus\/fr\/2025\/06\/international-symposium-on-bilingualism\/\"]}]},{\"@type\":\"ImageObject\",\"inLanguage\":\"fr-FR\",\"@id\":\"https:\/\/www.kursaal.eus\/fr\/2025\/06\/international-symposium-on-bilingualism\/#primaryimage\",\"url\":\"https:\/\/www.kursaal.eus\/wp-content\/uploads\/2025\/07\/1749819641253.jpeg\",\"contentUrl\":\"https:\/\/www.kursaal.eus\/wp-content\/uploads\/2025\/07\/1749819641253.jpeg\",\"width\":1200,\"height\":1600},{\"@type\":\"WebSite\",\"@id\":\"https:\/\/www.kursaal.eus\/es\/#website\",\"url\":\"https:\/\/www.kursaal.eus\/es\/\",\"name\":\"Kursaal Donostia - San Sebasti\u00e1n\",\"description\":\"Palacio de Congresos y Auditorio\",\"potentialAction\":[{\"@type\":\"SearchAction\",\"target\":{\"@type\":\"EntryPoint\",\"urlTemplate\":\"https:\/\/www.kursaal.eus\/es\/?s={search_term_string}\"},\"query-input\":{\"@type\":\"PropertyValueSpecification\",\"valueRequired\":true,\"valueName\":\"search_term_string\"}}],\"inLanguage\":\"fr-FR\"},{\"@type\":\"Person\",\"@id\":\"https:\/\/www.kursaal.eus\/es\/#\/schema\/person\/b8c28e02584a8e9fdcbf64ff9acd5053\",\"name\":\"comunicacion\",\"image\":{\"@type\":\"ImageObject\",\"inLanguage\":\"fr-FR\",\"@id\":\"https:\/\/www.kursaal.eus\/es\/#\/schema\/person\/image\/\",\"url\":\"https:\/\/secure.gravatar.com\/avatar\/05dbd93060e242fcd0a0aae159412e2e61b5bda978f63039debb356bb03ab841?s=96&d=mm&r=g\",\"contentUrl\":\"https:\/\/secure.gravatar.com\/avatar\/05dbd93060e242fcd0a0aae159412e2e61b5bda978f63039debb356bb03ab841?s=96&d=mm&r=g\",\"caption\":\"comunicacion\"},\"url\":\"https:\/\/www.kursaal.eus\/fr\/author\/comunicacion\/\"}]}<\/script>\n<!-- \/ Yoast SEO plugin. -->","yoast_head_json":{"title":"International Symposium on Bilingualism - Kursaal Donostia - San Sebasti\u00e1n","robots":{"index":"index","follow":"follow","max-snippet":"max-snippet:-1","max-image-preview":"max-image-preview:large","max-video-preview":"max-video-preview:-1"},"canonical":"https:\/\/www.kursaal.eus\/fr\/2025\/06\/international-symposium-on-bilingualism\/","og_locale":"fr_FR","og_type":"article","og_title":"International Symposium on Bilingualism - Kursaal Donostia - San Sebasti\u00e1n","og_description":"Plus de 1 000 chercheurs et chercheuses ont rempli le Kursaal cette semaine d\u2019id\u00e9es, de d\u00e9bats et de savoir \u00e0 l\u2019occasion du plus grand congr\u00e8s international sur le bilinguisme. Le International Symposium on Bilingualism (ISB), [&hellip;]","og_url":"https:\/\/www.kursaal.eus\/fr\/2025\/06\/international-symposium-on-bilingualism\/","og_site_name":"Kursaal Donostia - San Sebasti\u00e1n","article_publisher":"https:\/\/www.facebook.com\/KursaalPalaciodeCongresosBiltzarJauregia","article_published_time":"2025-06-16T13:03:42+00:00","article_modified_time":"2025-07-29T13:09:57+00:00","og_image":[{"width":1200,"height":1600,"url":"https:\/\/www.kursaal.eus\/wp-content\/uploads\/2025\/07\/1749819641253.jpeg","type":"image\/jpeg"}],"author":"comunicacion","twitter_misc":{"\u00c9crit par":"comunicacion","Dur\u00e9e de lecture estim\u00e9e":"1 minute"},"schema":{"@context":"https:\/\/schema.org","@graph":[{"@type":"Article","@id":"https:\/\/www.kursaal.eus\/fr\/2025\/06\/international-symposium-on-bilingualism\/#article","isPartOf":{"@id":"https:\/\/www.kursaal.eus\/fr\/2025\/06\/international-symposium-on-bilingualism\/"},"author":{"name":"comunicacion","@id":"https:\/\/www.kursaal.eus\/es\/#\/schema\/person\/b8c28e02584a8e9fdcbf64ff9acd5053"},"headline":"International Symposium on Bilingualism","datePublished":"2025-06-16T13:03:42+00:00","dateModified":"2025-07-29T13:09:57+00:00","mainEntityOfPage":{"@id":"https:\/\/www.kursaal.eus\/fr\/2025\/06\/international-symposium-on-bilingualism\/"},"wordCount":158,"image":{"@id":"https:\/\/www.kursaal.eus\/fr\/2025\/06\/international-symposium-on-bilingualism\/#primaryimage"},"thumbnailUrl":"https:\/\/www.kursaal.eus\/wp-content\/uploads\/2025\/07\/1749819641253.jpeg","articleSection":["\u00c9v\u00e8nements pass\u00e9s"],"inLanguage":"fr-FR"},{"@type":"WebPage","@id":"https:\/\/www.kursaal.eus\/fr\/2025\/06\/international-symposium-on-bilingualism\/","url":"https:\/\/www.kursaal.eus\/fr\/2025\/06\/international-symposium-on-bilingualism\/","name":"International Symposium on Bilingualism - Kursaal Donostia - San Sebasti\u00e1n","isPartOf":{"@id":"https:\/\/www.kursaal.eus\/es\/#website"},"primaryImageOfPage":{"@id":"https:\/\/www.kursaal.eus\/fr\/2025\/06\/international-symposium-on-bilingualism\/#primaryimage"},"image":{"@id":"https:\/\/www.kursaal.eus\/fr\/2025\/06\/international-symposium-on-bilingualism\/#primaryimage"},"thumbnailUrl":"https:\/\/www.kursaal.eus\/wp-content\/uploads\/2025\/07\/1749819641253.jpeg","datePublished":"2025-06-16T13:03:42+00:00","dateModified":"2025-07-29T13:09:57+00:00","author":{"@id":"https:\/\/www.kursaal.eus\/es\/#\/schema\/person\/b8c28e02584a8e9fdcbf64ff9acd5053"},"inLanguage":"fr-FR","potentialAction":[{"@type":"ReadAction","target":["https:\/\/www.kursaal.eus\/fr\/2025\/06\/international-symposium-on-bilingualism\/"]}]},{"@type":"ImageObject","inLanguage":"fr-FR","@id":"https:\/\/www.kursaal.eus\/fr\/2025\/06\/international-symposium-on-bilingualism\/#primaryimage","url":"https:\/\/www.kursaal.eus\/wp-content\/uploads\/2025\/07\/1749819641253.jpeg","contentUrl":"https:\/\/www.kursaal.eus\/wp-content\/uploads\/2025\/07\/1749819641253.jpeg","width":1200,"height":1600},{"@type":"WebSite","@id":"https:\/\/www.kursaal.eus\/es\/#website","url":"https:\/\/www.kursaal.eus\/es\/","name":"Kursaal Donostia - San Sebasti\u00e1n","description":"Palacio de Congresos y Auditorio","potentialAction":[{"@type":"SearchAction","target":{"@type":"EntryPoint","urlTemplate":"https:\/\/www.kursaal.eus\/es\/?s={search_term_string}"},"query-input":{"@type":"PropertyValueSpecification","valueRequired":true,"valueName":"search_term_string"}}],"inLanguage":"fr-FR"},{"@type":"Person","@id":"https:\/\/www.kursaal.eus\/es\/#\/schema\/person\/b8c28e02584a8e9fdcbf64ff9acd5053","name":"comunicacion","image":{"@type":"ImageObject","inLanguage":"fr-FR","@id":"https:\/\/www.kursaal.eus\/es\/#\/schema\/person\/image\/","url":"https:\/\/secure.gravatar.com\/avatar\/05dbd93060e242fcd0a0aae159412e2e61b5bda978f63039debb356bb03ab841?s=96&d=mm&r=g","contentUrl":"https:\/\/secure.gravatar.com\/avatar\/05dbd93060e242fcd0a0aae159412e2e61b5bda978f63039debb356bb03ab841?s=96&d=mm&r=g","caption":"comunicacion"},"url":"https:\/\/www.kursaal.eus\/fr\/author\/comunicacion\/"}]}},"_links":{"self":[{"href":"https:\/\/www.kursaal.eus\/fr\/wp-json\/wp\/v2\/posts\/98247","targetHints":{"allow":["GET"]}}],"collection":[{"href":"https:\/\/www.kursaal.eus\/fr\/wp-json\/wp\/v2\/posts"}],"about":[{"href":"https:\/\/www.kursaal.eus\/fr\/wp-json\/wp\/v2\/types\/post"}],"author":[{"embeddable":true,"href":"https:\/\/www.kursaal.eus\/fr\/wp-json\/wp\/v2\/users\/10000097"}],"replies":[{"embeddable":true,"href":"https:\/\/www.kursaal.eus\/fr\/wp-json\/wp\/v2\/comments?post=98247"}],"version-history":[{"count":2,"href":"https:\/\/www.kursaal.eus\/fr\/wp-json\/wp\/v2\/posts\/98247\/revisions"}],"predecessor-version":[{"id":98253,"href":"https:\/\/www.kursaal.eus\/fr\/wp-json\/wp\/v2\/posts\/98247\/revisions\/98253"}],"wp:featuredmedia":[{"embeddable":true,"href":"https:\/\/www.kursaal.eus\/fr\/wp-json\/wp\/v2\/media\/98243"}],"wp:attachment":[{"href":"https:\/\/www.kursaal.eus\/fr\/wp-json\/wp\/v2\/media?parent=98247"}],"wp:term":[{"taxonomy":"category","embeddable":true,"href":"https:\/\/www.kursaal.eus\/fr\/wp-json\/wp\/v2\/categories?post=98247"},{"taxonomy":"post_tag","embeddable":true,"href":"https:\/\/www.kursaal.eus\/fr\/wp-json\/wp\/v2\/tags?post=98247"}],"curies":[{"name":"wp","href":"https:\/\/api.w.org\/{rel}","templated":true}]}}