{"id":71510,"date":"2022-03-31T17:32:50","date_gmt":"2022-03-31T17:32:50","guid":{"rendered":"https:\/\/www.kursaal.eus\/2022\/04\/re-think-industry\/"},"modified":"2022-04-06T09:16:51","modified_gmt":"2022-04-06T09:16:51","slug":"re-think-industry","status":"publish","type":"post","link":"https:\/\/www.kursaal.eus\/fr\/2022\/03\/re-think-industry\/","title":{"rendered":"Re-Think Industry"},"content":{"rendered":"<p>Le 31 mars, le Kursaal a accueilli la conf\u00e9rence Re-Think Industry organis\u00e9e par le Conseil provincial de Gipuzkoa dans le cadre de l&rsquo;initiative Etorkizuna Eraikiz. Une journ\u00e9e pour conna\u00eetre et partager les exp\u00e9riences des PME du Gipuzkoa dans le domaine de la transformation num\u00e9rique.<\/p>\n<p>Les invit\u00e9s ont pu profiter de diverses pr\u00e9sentations, sessions et espaces pour le caf\u00e9, le r\u00e9seautage et le d\u00e9jeuner.<\/p>\n<div class=\"row\"><div class=\"col-md-4\"><a href=\"https:\/\/www.kursaal.eus\/wp-content\/uploads\/2022\/04\/1.jpg\" class=\"boxer\" rel=\"galeria\" title=\"\"><img loading=\"lazy\" decoding=\"async\" width=\"270\" height=\"270\" src=\"https:\/\/www.kursaal.eus\/wp-content\/uploads\/2022\/04\/1-270x270.jpg\" class=\"img-fluid\" alt=\"\" srcset=\"https:\/\/www.kursaal.eus\/wp-content\/uploads\/2022\/04\/1-270x270.jpg 270w, https:\/\/www.kursaal.eus\/wp-content\/uploads\/2022\/04\/1-572x572.jpg 572w, https:\/\/www.kursaal.eus\/wp-content\/uploads\/2022\/04\/1-600x600.jpg 600w, https:\/\/www.kursaal.eus\/wp-content\/uploads\/2022\/04\/1-1080x1080.jpg 1080w\" sizes=\"auto, (max-width: 270px) 100vw, 270px\" \/><\/a><\/div><div class=\"col-md-4\"><a href=\"https:\/\/www.kursaal.eus\/wp-content\/uploads\/2022\/04\/2.jpg\" class=\"boxer\" rel=\"galeria\" title=\"\"><img loading=\"lazy\" decoding=\"async\" width=\"270\" height=\"270\" src=\"https:\/\/www.kursaal.eus\/wp-content\/uploads\/2022\/04\/2-270x270.jpg\" class=\"img-fluid\" alt=\"\" srcset=\"https:\/\/www.kursaal.eus\/wp-content\/uploads\/2022\/04\/2-270x270.jpg 270w, https:\/\/www.kursaal.eus\/wp-content\/uploads\/2022\/04\/2-572x572.jpg 572w, https:\/\/www.kursaal.eus\/wp-content\/uploads\/2022\/04\/2-600x600.jpg 600w, https:\/\/www.kursaal.eus\/wp-content\/uploads\/2022\/04\/2-1080x1080.jpg 1080w\" sizes=\"auto, (max-width: 270px) 100vw, 270px\" \/><\/a><\/div><div class=\"col-md-4\"><a href=\"https:\/\/www.kursaal.eus\/wp-content\/uploads\/2022\/04\/3.jpg\" class=\"boxer\" rel=\"galeria\" title=\"\"><img loading=\"lazy\" decoding=\"async\" width=\"270\" height=\"270\" src=\"https:\/\/www.kursaal.eus\/wp-content\/uploads\/2022\/04\/3-270x270.jpg\" class=\"img-fluid\" alt=\"\" srcset=\"https:\/\/www.kursaal.eus\/wp-content\/uploads\/2022\/04\/3-270x270.jpg 270w, https:\/\/www.kursaal.eus\/wp-content\/uploads\/2022\/04\/3-572x572.jpg 572w, https:\/\/www.kursaal.eus\/wp-content\/uploads\/2022\/04\/3-600x600.jpg 600w, https:\/\/www.kursaal.eus\/wp-content\/uploads\/2022\/04\/3-1080x1080.jpg 1080w\" sizes=\"auto, (max-width: 270px) 100vw, 270px\" \/><\/a><\/div><div class=\"col-md-4\"><a href=\"https:\/\/www.kursaal.eus\/wp-content\/uploads\/2022\/04\/4.jpg\" class=\"boxer\" rel=\"galeria\" title=\"\"><img loading=\"lazy\" decoding=\"async\" width=\"270\" height=\"270\" src=\"https:\/\/www.kursaal.eus\/wp-content\/uploads\/2022\/04\/4-270x270.jpg\" class=\"img-fluid\" alt=\"\" srcset=\"https:\/\/www.kursaal.eus\/wp-content\/uploads\/2022\/04\/4-270x270.jpg 270w, https:\/\/www.kursaal.eus\/wp-content\/uploads\/2022\/04\/4-572x572.jpg 572w, https:\/\/www.kursaal.eus\/wp-content\/uploads\/2022\/04\/4-600x600.jpg 600w\" sizes=\"auto, (max-width: 270px) 100vw, 270px\" \/><\/a><\/div><div class=\"col-md-4\"><a href=\"https:\/\/www.kursaal.eus\/wp-content\/uploads\/2022\/04\/5.jpg\" class=\"boxer\" rel=\"galeria\" title=\"\"><img loading=\"lazy\" decoding=\"async\" width=\"270\" height=\"270\" src=\"https:\/\/www.kursaal.eus\/wp-content\/uploads\/2022\/04\/5-270x270.jpg\" class=\"img-fluid\" alt=\"\" srcset=\"https:\/\/www.kursaal.eus\/wp-content\/uploads\/2022\/04\/5-270x270.jpg 270w, https:\/\/www.kursaal.eus\/wp-content\/uploads\/2022\/04\/5-572x572.jpg 572w, https:\/\/www.kursaal.eus\/wp-content\/uploads\/2022\/04\/5-600x600.jpg 600w, https:\/\/www.kursaal.eus\/wp-content\/uploads\/2022\/04\/5-1080x1080.jpg 1080w\" sizes=\"auto, (max-width: 270px) 100vw, 270px\" \/><\/a><\/div><div class=\"col-md-4\"><a href=\"https:\/\/www.kursaal.eus\/wp-content\/uploads\/2022\/04\/1648724991048.jpg\" class=\"boxer\" rel=\"galeria\" title=\"\"><img loading=\"lazy\" decoding=\"async\" width=\"270\" height=\"270\" src=\"https:\/\/www.kursaal.eus\/wp-content\/uploads\/2022\/04\/1648724991048-270x270.jpg\" class=\"img-fluid\" alt=\"\" srcset=\"https:\/\/www.kursaal.eus\/wp-content\/uploads\/2022\/04\/1648724991048-270x270.jpg 270w, https:\/\/www.kursaal.eus\/wp-content\/uploads\/2022\/04\/1648724991048-572x572.jpg 572w, https:\/\/www.kursaal.eus\/wp-content\/uploads\/2022\/04\/1648724991048-600x600.jpg 600w, https:\/\/www.kursaal.eus\/wp-content\/uploads\/2022\/04\/1648724991048-1080x1080.jpg 1080w\" sizes=\"auto, (max-width: 270px) 100vw, 270px\" \/><\/a><\/div><\/div><!-- #.row -->\n","protected":false},"excerpt":{"rendered":"<p>Le 31 mars, le Kursaal a accueilli la conf\u00e9rence Re-Think Industry organis\u00e9e par le Conseil provincial de Gipuzkoa dans le cadre de l&rsquo;initiative Etorkizuna Eraikiz. Une journ\u00e9e pour conna\u00eetre et partager les exp\u00e9riences des PME [&hellip;]<\/p>\n","protected":false},"author":10000097,"featured_media":71507,"comment_status":"open","ping_status":"open","sticky":false,"template":"","format":"gallery","meta":{"_acf_changed":false,"footnotes":""},"categories":[79],"tags":[],"class_list":["post-71510","post","type-post","status-publish","format-gallery","has-post-thumbnail","hentry","category-evenements-passes","post_format-post-format-gallery"],"acf":[],"yoast_head":"<!-- This site is optimized with the Yoast SEO plugin v27.0 - https:\/\/yoast.com\/product\/yoast-seo-wordpress\/ -->\n<title>Re-Think Industry - Kursaal Donostia - San Sebasti\u00e1n<\/title>\n<meta name=\"robots\" content=\"index, follow, max-snippet:-1, max-image-preview:large, max-video-preview:-1\" \/>\n<link rel=\"canonical\" href=\"https:\/\/www.kursaal.eus\/fr\/2022\/03\/re-think-industry\/\" \/>\n<meta property=\"og:locale\" content=\"fr_FR\" \/>\n<meta property=\"og:type\" content=\"article\" \/>\n<meta property=\"og:title\" content=\"Re-Think Industry - Kursaal Donostia - San Sebasti\u00e1n\" \/>\n<meta property=\"og:description\" content=\"Le 31 mars, le Kursaal a accueilli la conf\u00e9rence Re-Think Industry organis\u00e9e par le Conseil provincial de Gipuzkoa dans le cadre de l&rsquo;initiative Etorkizuna Eraikiz. Une journ\u00e9e pour conna\u00eetre et partager les exp\u00e9riences des PME [&hellip;]\" \/>\n<meta property=\"og:url\" content=\"https:\/\/www.kursaal.eus\/fr\/2022\/03\/re-think-industry\/\" \/>\n<meta property=\"og:site_name\" content=\"Kursaal Donostia - San Sebasti\u00e1n\" \/>\n<meta property=\"article:publisher\" content=\"https:\/\/www.facebook.com\/KursaalPalaciodeCongresosBiltzarJauregia\" \/>\n<meta property=\"article:published_time\" content=\"2022-03-31T17:32:50+00:00\" \/>\n<meta property=\"article:modified_time\" content=\"2022-04-06T09:16:51+00:00\" \/>\n<meta property=\"og:image\" content=\"https:\/\/www.kursaal.eus\/wp-content\/uploads\/2022\/04\/3-1.jpg\" \/>\n\t<meta property=\"og:image:width\" content=\"1252\" \/>\n\t<meta property=\"og:image:height\" content=\"1252\" \/>\n\t<meta property=\"og:image:type\" content=\"image\/jpeg\" \/>\n<meta name=\"author\" content=\"comunicacion\" \/>\n<meta name=\"twitter:label1\" content=\"\u00c9crit par\" \/>\n\t<meta name=\"twitter:data1\" content=\"comunicacion\" \/>\n\t<meta name=\"twitter:label2\" content=\"Dur\u00e9e de lecture estim\u00e9e\" \/>\n\t<meta name=\"twitter:data2\" content=\"1 minute\" \/>\n<script type=\"application\/ld+json\" class=\"yoast-schema-graph\">{\"@context\":\"https:\/\/schema.org\",\"@graph\":[{\"@type\":\"Article\",\"@id\":\"https:\/\/www.kursaal.eus\/fr\/2022\/03\/re-think-industry\/#article\",\"isPartOf\":{\"@id\":\"https:\/\/www.kursaal.eus\/fr\/2022\/03\/re-think-industry\/\"},\"author\":{\"name\":\"comunicacion\",\"@id\":\"https:\/\/www.kursaal.eus\/es\/#\/schema\/person\/b8c28e02584a8e9fdcbf64ff9acd5053\"},\"headline\":\"Re-Think Industry\",\"datePublished\":\"2022-03-31T17:32:50+00:00\",\"dateModified\":\"2022-04-06T09:16:51+00:00\",\"mainEntityOfPage\":{\"@id\":\"https:\/\/www.kursaal.eus\/fr\/2022\/03\/re-think-industry\/\"},\"wordCount\":77,\"commentCount\":0,\"image\":{\"@id\":\"https:\/\/www.kursaal.eus\/fr\/2022\/03\/re-think-industry\/#primaryimage\"},\"thumbnailUrl\":\"https:\/\/www.kursaal.eus\/wp-content\/uploads\/2022\/04\/3-1.jpg\",\"articleSection\":[\"\u00c9v\u00e8nements pass\u00e9s\"],\"inLanguage\":\"fr-FR\",\"potentialAction\":[{\"@type\":\"CommentAction\",\"name\":\"Comment\",\"target\":[\"https:\/\/www.kursaal.eus\/fr\/2022\/03\/re-think-industry\/#respond\"]}]},{\"@type\":\"WebPage\",\"@id\":\"https:\/\/www.kursaal.eus\/fr\/2022\/03\/re-think-industry\/\",\"url\":\"https:\/\/www.kursaal.eus\/fr\/2022\/03\/re-think-industry\/\",\"name\":\"Re-Think Industry - Kursaal Donostia - San Sebasti\u00e1n\",\"isPartOf\":{\"@id\":\"https:\/\/www.kursaal.eus\/es\/#website\"},\"primaryImageOfPage\":{\"@id\":\"https:\/\/www.kursaal.eus\/fr\/2022\/03\/re-think-industry\/#primaryimage\"},\"image\":{\"@id\":\"https:\/\/www.kursaal.eus\/fr\/2022\/03\/re-think-industry\/#primaryimage\"},\"thumbnailUrl\":\"https:\/\/www.kursaal.eus\/wp-content\/uploads\/2022\/04\/3-1.jpg\",\"datePublished\":\"2022-03-31T17:32:50+00:00\",\"dateModified\":\"2022-04-06T09:16:51+00:00\",\"author\":{\"@id\":\"https:\/\/www.kursaal.eus\/es\/#\/schema\/person\/b8c28e02584a8e9fdcbf64ff9acd5053\"},\"inLanguage\":\"fr-FR\",\"potentialAction\":[{\"@type\":\"ReadAction\",\"target\":[\"https:\/\/www.kursaal.eus\/fr\/2022\/03\/re-think-industry\/\"]}]},{\"@type\":\"ImageObject\",\"inLanguage\":\"fr-FR\",\"@id\":\"https:\/\/www.kursaal.eus\/fr\/2022\/03\/re-think-industry\/#primaryimage\",\"url\":\"https:\/\/www.kursaal.eus\/wp-content\/uploads\/2022\/04\/3-1.jpg\",\"contentUrl\":\"https:\/\/www.kursaal.eus\/wp-content\/uploads\/2022\/04\/3-1.jpg\",\"width\":1252,\"height\":1252},{\"@type\":\"WebSite\",\"@id\":\"https:\/\/www.kursaal.eus\/es\/#website\",\"url\":\"https:\/\/www.kursaal.eus\/es\/\",\"name\":\"Kursaal Donostia - San Sebasti\u00e1n\",\"description\":\"Palacio de Congresos y Auditorio\",\"potentialAction\":[{\"@type\":\"SearchAction\",\"target\":{\"@type\":\"EntryPoint\",\"urlTemplate\":\"https:\/\/www.kursaal.eus\/es\/?s={search_term_string}\"},\"query-input\":{\"@type\":\"PropertyValueSpecification\",\"valueRequired\":true,\"valueName\":\"search_term_string\"}}],\"inLanguage\":\"fr-FR\"},{\"@type\":\"Person\",\"@id\":\"https:\/\/www.kursaal.eus\/es\/#\/schema\/person\/b8c28e02584a8e9fdcbf64ff9acd5053\",\"name\":\"comunicacion\",\"image\":{\"@type\":\"ImageObject\",\"inLanguage\":\"fr-FR\",\"@id\":\"https:\/\/www.kursaal.eus\/es\/#\/schema\/person\/image\/\",\"url\":\"https:\/\/secure.gravatar.com\/avatar\/05dbd93060e242fcd0a0aae159412e2e61b5bda978f63039debb356bb03ab841?s=96&d=mm&r=g\",\"contentUrl\":\"https:\/\/secure.gravatar.com\/avatar\/05dbd93060e242fcd0a0aae159412e2e61b5bda978f63039debb356bb03ab841?s=96&d=mm&r=g\",\"caption\":\"comunicacion\"},\"url\":\"https:\/\/www.kursaal.eus\/fr\/author\/comunicacion\/\"}]}<\/script>\n<!-- \/ Yoast SEO plugin. -->","yoast_head_json":{"title":"Re-Think Industry - Kursaal Donostia - San Sebasti\u00e1n","robots":{"index":"index","follow":"follow","max-snippet":"max-snippet:-1","max-image-preview":"max-image-preview:large","max-video-preview":"max-video-preview:-1"},"canonical":"https:\/\/www.kursaal.eus\/fr\/2022\/03\/re-think-industry\/","og_locale":"fr_FR","og_type":"article","og_title":"Re-Think Industry - Kursaal Donostia - San Sebasti\u00e1n","og_description":"Le 31 mars, le Kursaal a accueilli la conf\u00e9rence Re-Think Industry organis\u00e9e par le Conseil provincial de Gipuzkoa dans le cadre de l&rsquo;initiative Etorkizuna Eraikiz. Une journ\u00e9e pour conna\u00eetre et partager les exp\u00e9riences des PME [&hellip;]","og_url":"https:\/\/www.kursaal.eus\/fr\/2022\/03\/re-think-industry\/","og_site_name":"Kursaal Donostia - San Sebasti\u00e1n","article_publisher":"https:\/\/www.facebook.com\/KursaalPalaciodeCongresosBiltzarJauregia","article_published_time":"2022-03-31T17:32:50+00:00","article_modified_time":"2022-04-06T09:16:51+00:00","og_image":[{"width":1252,"height":1252,"url":"https:\/\/www.kursaal.eus\/wp-content\/uploads\/2022\/04\/3-1.jpg","type":"image\/jpeg"}],"author":"comunicacion","twitter_misc":{"\u00c9crit par":"comunicacion","Dur\u00e9e de lecture estim\u00e9e":"1 minute"},"schema":{"@context":"https:\/\/schema.org","@graph":[{"@type":"Article","@id":"https:\/\/www.kursaal.eus\/fr\/2022\/03\/re-think-industry\/#article","isPartOf":{"@id":"https:\/\/www.kursaal.eus\/fr\/2022\/03\/re-think-industry\/"},"author":{"name":"comunicacion","@id":"https:\/\/www.kursaal.eus\/es\/#\/schema\/person\/b8c28e02584a8e9fdcbf64ff9acd5053"},"headline":"Re-Think Industry","datePublished":"2022-03-31T17:32:50+00:00","dateModified":"2022-04-06T09:16:51+00:00","mainEntityOfPage":{"@id":"https:\/\/www.kursaal.eus\/fr\/2022\/03\/re-think-industry\/"},"wordCount":77,"commentCount":0,"image":{"@id":"https:\/\/www.kursaal.eus\/fr\/2022\/03\/re-think-industry\/#primaryimage"},"thumbnailUrl":"https:\/\/www.kursaal.eus\/wp-content\/uploads\/2022\/04\/3-1.jpg","articleSection":["\u00c9v\u00e8nements pass\u00e9s"],"inLanguage":"fr-FR","potentialAction":[{"@type":"CommentAction","name":"Comment","target":["https:\/\/www.kursaal.eus\/fr\/2022\/03\/re-think-industry\/#respond"]}]},{"@type":"WebPage","@id":"https:\/\/www.kursaal.eus\/fr\/2022\/03\/re-think-industry\/","url":"https:\/\/www.kursaal.eus\/fr\/2022\/03\/re-think-industry\/","name":"Re-Think Industry - Kursaal Donostia - San Sebasti\u00e1n","isPartOf":{"@id":"https:\/\/www.kursaal.eus\/es\/#website"},"primaryImageOfPage":{"@id":"https:\/\/www.kursaal.eus\/fr\/2022\/03\/re-think-industry\/#primaryimage"},"image":{"@id":"https:\/\/www.kursaal.eus\/fr\/2022\/03\/re-think-industry\/#primaryimage"},"thumbnailUrl":"https:\/\/www.kursaal.eus\/wp-content\/uploads\/2022\/04\/3-1.jpg","datePublished":"2022-03-31T17:32:50+00:00","dateModified":"2022-04-06T09:16:51+00:00","author":{"@id":"https:\/\/www.kursaal.eus\/es\/#\/schema\/person\/b8c28e02584a8e9fdcbf64ff9acd5053"},"inLanguage":"fr-FR","potentialAction":[{"@type":"ReadAction","target":["https:\/\/www.kursaal.eus\/fr\/2022\/03\/re-think-industry\/"]}]},{"@type":"ImageObject","inLanguage":"fr-FR","@id":"https:\/\/www.kursaal.eus\/fr\/2022\/03\/re-think-industry\/#primaryimage","url":"https:\/\/www.kursaal.eus\/wp-content\/uploads\/2022\/04\/3-1.jpg","contentUrl":"https:\/\/www.kursaal.eus\/wp-content\/uploads\/2022\/04\/3-1.jpg","width":1252,"height":1252},{"@type":"WebSite","@id":"https:\/\/www.kursaal.eus\/es\/#website","url":"https:\/\/www.kursaal.eus\/es\/","name":"Kursaal Donostia - San Sebasti\u00e1n","description":"Palacio de Congresos y Auditorio","potentialAction":[{"@type":"SearchAction","target":{"@type":"EntryPoint","urlTemplate":"https:\/\/www.kursaal.eus\/es\/?s={search_term_string}"},"query-input":{"@type":"PropertyValueSpecification","valueRequired":true,"valueName":"search_term_string"}}],"inLanguage":"fr-FR"},{"@type":"Person","@id":"https:\/\/www.kursaal.eus\/es\/#\/schema\/person\/b8c28e02584a8e9fdcbf64ff9acd5053","name":"comunicacion","image":{"@type":"ImageObject","inLanguage":"fr-FR","@id":"https:\/\/www.kursaal.eus\/es\/#\/schema\/person\/image\/","url":"https:\/\/secure.gravatar.com\/avatar\/05dbd93060e242fcd0a0aae159412e2e61b5bda978f63039debb356bb03ab841?s=96&d=mm&r=g","contentUrl":"https:\/\/secure.gravatar.com\/avatar\/05dbd93060e242fcd0a0aae159412e2e61b5bda978f63039debb356bb03ab841?s=96&d=mm&r=g","caption":"comunicacion"},"url":"https:\/\/www.kursaal.eus\/fr\/author\/comunicacion\/"}]}},"_links":{"self":[{"href":"https:\/\/www.kursaal.eus\/fr\/wp-json\/wp\/v2\/posts\/71510","targetHints":{"allow":["GET"]}}],"collection":[{"href":"https:\/\/www.kursaal.eus\/fr\/wp-json\/wp\/v2\/posts"}],"about":[{"href":"https:\/\/www.kursaal.eus\/fr\/wp-json\/wp\/v2\/types\/post"}],"author":[{"embeddable":true,"href":"https:\/\/www.kursaal.eus\/fr\/wp-json\/wp\/v2\/users\/10000097"}],"replies":[{"embeddable":true,"href":"https:\/\/www.kursaal.eus\/fr\/wp-json\/wp\/v2\/comments?post=71510"}],"version-history":[{"count":3,"href":"https:\/\/www.kursaal.eus\/fr\/wp-json\/wp\/v2\/posts\/71510\/revisions"}],"predecessor-version":[{"id":71521,"href":"https:\/\/www.kursaal.eus\/fr\/wp-json\/wp\/v2\/posts\/71510\/revisions\/71521"}],"wp:featuredmedia":[{"embeddable":true,"href":"https:\/\/www.kursaal.eus\/fr\/wp-json\/wp\/v2\/media\/71507"}],"wp:attachment":[{"href":"https:\/\/www.kursaal.eus\/fr\/wp-json\/wp\/v2\/media?parent=71510"}],"wp:term":[{"taxonomy":"category","embeddable":true,"href":"https:\/\/www.kursaal.eus\/fr\/wp-json\/wp\/v2\/categories?post=71510"},{"taxonomy":"post_tag","embeddable":true,"href":"https:\/\/www.kursaal.eus\/fr\/wp-json\/wp\/v2\/tags?post=71510"}],"curies":[{"name":"wp","href":"https:\/\/api.w.org\/{rel}","templated":true}]}}