{"id":43317,"date":"2019-01-25T10:07:46","date_gmt":"2019-01-25T10:07:46","guid":{"rendered":"https:\/\/www.kursaal.eus\/?p=43317"},"modified":"2019-01-25T10:33:17","modified_gmt":"2019-01-25T10:33:17","slug":"ballet-nacional-de-espana","status":"publish","type":"post","link":"https:\/\/www.kursaal.eus\/eu\/2019\/01\/ballet-nacional-de-espana\/","title":{"rendered":"Kursaal Eszenan izango da Ballet Nacional de Espa\u00f1a, Antonio Ruiz Soler \u201cEl Bailar\u00edn\u201d dantzariari eskainitako omenaldiarekin"},"content":{"rendered":"<p>Espainiako dantzak ezagutzera ematen dituen instituzio garrantzitsuena da Ballet Nacional de Espa\u00f1a. Urtarrilaren 27an Kursaal Eszenan arituko da, Antonio Ruiz Soler \u201cEl Bailar\u00edn\u201d dantzariari eskainitako omenaldiarekin; XX. mendeko flamenko-dantzari emankor, bertutetsu eta loriatsuena izan zen.<\/p>\n<p>2011. urtetik Antonio Najarrok zuzendutako konpainiak Espainiako dantza estilo ororen erakustaldia egiten du munduko antzoki entzutetsuenetan, tradizioa eta abangoardia uztartzen dituzten hainbat ikuskizunen bidez.<\/p>\n<p>Gau honetako koreografien artean da <em>Erita\u00f1a<\/em>: bolera sevillanetako pausoekin elikatzen da, eta XIX. mendeko dantzatzeko moduak ere eragina du pieza honetan. Isaac Albenizek bere bizitzako azken urteetan konposatutako suite <em>Iberia<\/em> lanaren 4. koadernoko zati bat da. Ondotik dantzatuko dute <em>La Taberna del Toro<\/em> pelikulan azaltzen den <em>Taranto<\/em>. Hura ikustean, Elsa Brunelleschi Londresko Royal Balleten irakasle izandakoak zera idatzi zuen: Antonioren konpainiak edozein aitorpenetatik haragoko hobekuntza lortu zuela.<\/p>\n<p>Dena den, oraingoan berriz interpretatuko duten Pablo Sarasateren <em>Zapateando<\/em>ren bertsioa izan zen dantzariaren solorik enblematikoena. Konpositore nafarraren partitura gozamen hutsa da izatez, baina partituraren xehetasun guztiak biltzen dituen interpretazioak bere ospea are gehiago handitu zuen. Ondoren, Ernesto Halffter konpositorearen <em>Fantas\u00eda Galaica<\/em> lana izango da gaueko laugarren dantza: Sevillakoak balletaren tradiziora hurbildu, eta <em>Fantas\u00eda Galaica<\/em>-ren amaierako alboradan mu\u00f1eira ere erabili zuen, Galiziako dantzarik hedatuena.<\/p>\n<p><em>El sombrero de Tres Picos<\/em> lana Gregorio Mart\u00ednez Sierrak enkargatu zion Manuel de Fallari, ikuskizunari amaiera emango dion dantza: <em>El corregidor y la molinera<\/em> ballet-pantomimaren berridazketa da. Fallak Leonide Massine bertsio originalaren koreografoaren agindupean konposatu zuen. Antonioren bertsioarekin, <em>El sombrero de tres picos<\/em>-ek arrakasta handia eskuratu zuen dantza espainiarren hizkuntza darabilen koreografia bezala. Gainera, dantza honetarako eszenografiak Pablo Picassok diseinatu zituen.<\/p>\n<p><strong>BALLET NACIONAL DE ESPA\u00d1A<br \/>\n<\/strong>Igandea, urtarrilak 27 \/ 19:00<br \/>\n39 \/ 31 \/ 25 \/ 20 \/ 11 \u20ac<br \/>\n<img loading=\"lazy\" decoding=\"async\" class=\"alignnone size-full wp-image-31289\" src=\"https:\/\/www.kursaal.eus\/wp-content\/uploads\/2017\/10\/carro.jpg\" alt=\"\" width=\"23\" height=\"27\" \/><a href=\"https:\/\/shop.kursaal.eus\/selection\/event\/date?productId=101347781490&amp;lang=es\">Sarrerak erosi<\/a><\/p>\n","protected":false},"excerpt":{"rendered":"<p>Espainiako dantzak ezagutzera ematen dituen instituzio garrantzitsuena da Ballet Nacional de Espa\u00f1a. Urtarrilaren 27an Kursaal Eszenan arituko da, Antonio Ruiz Soler \u201cEl Bailar\u00edn\u201d dantzariari eskainitako omenaldiarekin; XX. mendeko flamenko-dantzari emankor, bertutetsu eta loriatsuena izan zen. [&hellip;]<\/p>\n","protected":false},"author":4,"featured_media":39526,"comment_status":"open","ping_status":"open","sticky":false,"template":"","format":"standard","meta":{"_acf_changed":false,"footnotes":""},"categories":[16],"tags":[],"class_list":["post-43317","post","type-post","status-publish","format-standard","has-post-thumbnail","hentry","category-gaurkotasuna"],"acf":[],"yoast_head":"<!-- This site is optimized with the Yoast SEO plugin v27.0 - https:\/\/yoast.com\/product\/yoast-seo-wordpress\/ -->\n<title>Kursaal Eszenan izango da Ballet Nacional de Espa\u00f1a, Antonio Ruiz Soler \u201cEl Bailar\u00edn\u201d dantzariari eskainitako omenaldiarekin - Kursaal Donostia - San Sebasti\u00e1n<\/title>\n<meta name=\"description\" content=\"El Ballet Nacional de Espa\u00f1a, en la actualidad el mayor exponente de la danza espa\u00f1ola, llega a Kursaal Eszena el 27 de enero.\" \/>\n<meta name=\"robots\" content=\"index, follow, max-snippet:-1, max-image-preview:large, max-video-preview:-1\" \/>\n<link rel=\"canonical\" href=\"https:\/\/www.kursaal.eus\/eu\/2019\/01\/ballet-nacional-de-espana\/\" \/>\n<meta property=\"og:locale\" content=\"en_US\" \/>\n<meta property=\"og:type\" content=\"article\" \/>\n<meta property=\"og:title\" content=\"Kursaal Eszenan izango da Ballet Nacional de Espa\u00f1a, Antonio Ruiz Soler \u201cEl Bailar\u00edn\u201d dantzariari eskainitako omenaldiarekin - Kursaal Donostia - San Sebasti\u00e1n\" \/>\n<meta property=\"og:description\" content=\"El Ballet Nacional de Espa\u00f1a, en la actualidad el mayor exponente de la danza espa\u00f1ola, llega a Kursaal Eszena el 27 de enero.\" \/>\n<meta property=\"og:url\" content=\"https:\/\/www.kursaal.eus\/eu\/2019\/01\/ballet-nacional-de-espana\/\" \/>\n<meta property=\"og:site_name\" content=\"Kursaal Donostia - San Sebasti\u00e1n\" \/>\n<meta property=\"article:publisher\" content=\"https:\/\/www.facebook.com\/KursaalPalaciodeCongresosBiltzarJauregia\" \/>\n<meta property=\"article:published_time\" content=\"2019-01-25T10:07:46+00:00\" \/>\n<meta property=\"article:modified_time\" content=\"2019-01-25T10:33:17+00:00\" \/>\n<meta property=\"og:image\" content=\"https:\/\/www.kursaal.eus\/wp-content\/uploads\/2018\/08\/Erita\u00f1aBailarinas-572x572.jpg\" \/>\n\t<meta property=\"og:image:width\" content=\"572\" \/>\n\t<meta property=\"og:image:height\" content=\"572\" \/>\n\t<meta property=\"og:image:type\" content=\"image\/jpeg\" \/>\n<meta name=\"author\" content=\"itziar_larranaga\" \/>\n<meta name=\"twitter:label1\" content=\"Written by\" \/>\n\t<meta name=\"twitter:data1\" content=\"itziar_larranaga\" \/>\n\t<meta name=\"twitter:label2\" content=\"Est. reading time\" \/>\n\t<meta name=\"twitter:data2\" content=\"1 minutua\" \/>\n<script type=\"application\/ld+json\" class=\"yoast-schema-graph\">{\"@context\":\"https:\/\/schema.org\",\"@graph\":[{\"@type\":\"Article\",\"@id\":\"https:\/\/www.kursaal.eus\/eu\/2019\/01\/ballet-nacional-de-espana\/#article\",\"isPartOf\":{\"@id\":\"https:\/\/www.kursaal.eus\/eu\/2019\/01\/ballet-nacional-de-espana\/\"},\"author\":{\"name\":\"itziar_larranaga\",\"@id\":\"https:\/\/www.kursaal.eus\/es\/#\/schema\/person\/fba65efb8aeb31214b751431353aa2fa\"},\"headline\":\"Kursaal Eszenan izango da Ballet Nacional de Espa\u00f1a, Antonio Ruiz Soler \u201cEl Bailar\u00edn\u201d dantzariari eskainitako omenaldiarekin\",\"datePublished\":\"2019-01-25T10:07:46+00:00\",\"dateModified\":\"2019-01-25T10:33:17+00:00\",\"mainEntityOfPage\":{\"@id\":\"https:\/\/www.kursaal.eus\/eu\/2019\/01\/ballet-nacional-de-espana\/\"},\"wordCount\":282,\"commentCount\":0,\"image\":{\"@id\":\"https:\/\/www.kursaal.eus\/eu\/2019\/01\/ballet-nacional-de-espana\/#primaryimage\"},\"thumbnailUrl\":\"https:\/\/www.kursaal.eus\/wp-content\/uploads\/2018\/08\/Erita\u00f1aBailarinas-572x572.jpg\",\"articleSection\":[\"Gaurkotasuna\"],\"inLanguage\":\"eu\",\"potentialAction\":[{\"@type\":\"CommentAction\",\"name\":\"Comment\",\"target\":[\"https:\/\/www.kursaal.eus\/eu\/2019\/01\/ballet-nacional-de-espana\/#respond\"]}]},{\"@type\":\"WebPage\",\"@id\":\"https:\/\/www.kursaal.eus\/eu\/2019\/01\/ballet-nacional-de-espana\/\",\"url\":\"https:\/\/www.kursaal.eus\/eu\/2019\/01\/ballet-nacional-de-espana\/\",\"name\":\"Kursaal Eszenan izango da Ballet Nacional de Espa\u00f1a, Antonio Ruiz Soler \u201cEl Bailar\u00edn\u201d dantzariari eskainitako omenaldiarekin - Kursaal Donostia - San Sebasti\u00e1n\",\"isPartOf\":{\"@id\":\"https:\/\/www.kursaal.eus\/es\/#website\"},\"primaryImageOfPage\":{\"@id\":\"https:\/\/www.kursaal.eus\/eu\/2019\/01\/ballet-nacional-de-espana\/#primaryimage\"},\"image\":{\"@id\":\"https:\/\/www.kursaal.eus\/eu\/2019\/01\/ballet-nacional-de-espana\/#primaryimage\"},\"thumbnailUrl\":\"https:\/\/www.kursaal.eus\/wp-content\/uploads\/2018\/08\/Erita\u00f1aBailarinas-572x572.jpg\",\"datePublished\":\"2019-01-25T10:07:46+00:00\",\"dateModified\":\"2019-01-25T10:33:17+00:00\",\"author\":{\"@id\":\"https:\/\/www.kursaal.eus\/es\/#\/schema\/person\/fba65efb8aeb31214b751431353aa2fa\"},\"description\":\"El Ballet Nacional de Espa\u00f1a, en la actualidad el mayor exponente de la danza espa\u00f1ola, llega a Kursaal Eszena el 27 de enero.\",\"inLanguage\":\"eu\",\"potentialAction\":[{\"@type\":\"ReadAction\",\"target\":[\"https:\/\/www.kursaal.eus\/eu\/2019\/01\/ballet-nacional-de-espana\/\"]}]},{\"@type\":\"ImageObject\",\"inLanguage\":\"eu\",\"@id\":\"https:\/\/www.kursaal.eus\/eu\/2019\/01\/ballet-nacional-de-espana\/#primaryimage\",\"url\":\"https:\/\/www.kursaal.eus\/wp-content\/uploads\/2018\/08\/Erita\u00f1aBailarinas-572x572.jpg\",\"contentUrl\":\"https:\/\/www.kursaal.eus\/wp-content\/uploads\/2018\/08\/Erita\u00f1aBailarinas-572x572.jpg\",\"width\":572,\"height\":572,\"caption\":\"Ballet Nacional de Espa\u00f1a\"},{\"@type\":\"WebSite\",\"@id\":\"https:\/\/www.kursaal.eus\/es\/#website\",\"url\":\"https:\/\/www.kursaal.eus\/es\/\",\"name\":\"Kursaal Donostia - San Sebasti\u00e1n\",\"description\":\"Palacio de Congresos y Auditorio\",\"potentialAction\":[{\"@type\":\"SearchAction\",\"target\":{\"@type\":\"EntryPoint\",\"urlTemplate\":\"https:\/\/www.kursaal.eus\/es\/?s={search_term_string}\"},\"query-input\":{\"@type\":\"PropertyValueSpecification\",\"valueRequired\":true,\"valueName\":\"search_term_string\"}}],\"inLanguage\":\"eu\"},{\"@type\":\"Person\",\"@id\":\"https:\/\/www.kursaal.eus\/es\/#\/schema\/person\/fba65efb8aeb31214b751431353aa2fa\",\"name\":\"itziar_larranaga\",\"image\":{\"@type\":\"ImageObject\",\"inLanguage\":\"eu\",\"@id\":\"https:\/\/www.kursaal.eus\/es\/#\/schema\/person\/image\/\",\"url\":\"https:\/\/secure.gravatar.com\/avatar\/bb727cdfc19c38a97b67e43c8f3bbfcc12154d5a85d0b063db2d449985d41ab4?s=96&d=mm&r=g\",\"contentUrl\":\"https:\/\/secure.gravatar.com\/avatar\/bb727cdfc19c38a97b67e43c8f3bbfcc12154d5a85d0b063db2d449985d41ab4?s=96&d=mm&r=g\",\"caption\":\"itziar_larranaga\"},\"url\":\"https:\/\/www.kursaal.eus\/eu\/author\/auria_etxeandia\/\"}]}<\/script>\n<!-- \/ Yoast SEO plugin. -->","yoast_head_json":{"title":"Kursaal Eszenan izango da Ballet Nacional de Espa\u00f1a, Antonio Ruiz Soler \u201cEl Bailar\u00edn\u201d dantzariari eskainitako omenaldiarekin - Kursaal Donostia - San Sebasti\u00e1n","description":"El Ballet Nacional de Espa\u00f1a, en la actualidad el mayor exponente de la danza espa\u00f1ola, llega a Kursaal Eszena el 27 de enero.","robots":{"index":"index","follow":"follow","max-snippet":"max-snippet:-1","max-image-preview":"max-image-preview:large","max-video-preview":"max-video-preview:-1"},"canonical":"https:\/\/www.kursaal.eus\/eu\/2019\/01\/ballet-nacional-de-espana\/","og_locale":"en_US","og_type":"article","og_title":"Kursaal Eszenan izango da Ballet Nacional de Espa\u00f1a, Antonio Ruiz Soler \u201cEl Bailar\u00edn\u201d dantzariari eskainitako omenaldiarekin - Kursaal Donostia - San Sebasti\u00e1n","og_description":"El Ballet Nacional de Espa\u00f1a, en la actualidad el mayor exponente de la danza espa\u00f1ola, llega a Kursaal Eszena el 27 de enero.","og_url":"https:\/\/www.kursaal.eus\/eu\/2019\/01\/ballet-nacional-de-espana\/","og_site_name":"Kursaal Donostia - San Sebasti\u00e1n","article_publisher":"https:\/\/www.facebook.com\/KursaalPalaciodeCongresosBiltzarJauregia","article_published_time":"2019-01-25T10:07:46+00:00","article_modified_time":"2019-01-25T10:33:17+00:00","og_image":[{"width":572,"height":572,"url":"https:\/\/www.kursaal.eus\/wp-content\/uploads\/2018\/08\/Erita\u00f1aBailarinas-572x572.jpg","type":"image\/jpeg"}],"author":"itziar_larranaga","twitter_misc":{"Written by":"itziar_larranaga","Est. reading time":"1 minutua"},"schema":{"@context":"https:\/\/schema.org","@graph":[{"@type":"Article","@id":"https:\/\/www.kursaal.eus\/eu\/2019\/01\/ballet-nacional-de-espana\/#article","isPartOf":{"@id":"https:\/\/www.kursaal.eus\/eu\/2019\/01\/ballet-nacional-de-espana\/"},"author":{"name":"itziar_larranaga","@id":"https:\/\/www.kursaal.eus\/es\/#\/schema\/person\/fba65efb8aeb31214b751431353aa2fa"},"headline":"Kursaal Eszenan izango da Ballet Nacional de Espa\u00f1a, Antonio Ruiz Soler \u201cEl Bailar\u00edn\u201d dantzariari eskainitako omenaldiarekin","datePublished":"2019-01-25T10:07:46+00:00","dateModified":"2019-01-25T10:33:17+00:00","mainEntityOfPage":{"@id":"https:\/\/www.kursaal.eus\/eu\/2019\/01\/ballet-nacional-de-espana\/"},"wordCount":282,"commentCount":0,"image":{"@id":"https:\/\/www.kursaal.eus\/eu\/2019\/01\/ballet-nacional-de-espana\/#primaryimage"},"thumbnailUrl":"https:\/\/www.kursaal.eus\/wp-content\/uploads\/2018\/08\/Erita\u00f1aBailarinas-572x572.jpg","articleSection":["Gaurkotasuna"],"inLanguage":"eu","potentialAction":[{"@type":"CommentAction","name":"Comment","target":["https:\/\/www.kursaal.eus\/eu\/2019\/01\/ballet-nacional-de-espana\/#respond"]}]},{"@type":"WebPage","@id":"https:\/\/www.kursaal.eus\/eu\/2019\/01\/ballet-nacional-de-espana\/","url":"https:\/\/www.kursaal.eus\/eu\/2019\/01\/ballet-nacional-de-espana\/","name":"Kursaal Eszenan izango da Ballet Nacional de Espa\u00f1a, Antonio Ruiz Soler \u201cEl Bailar\u00edn\u201d dantzariari eskainitako omenaldiarekin - Kursaal Donostia - San Sebasti\u00e1n","isPartOf":{"@id":"https:\/\/www.kursaal.eus\/es\/#website"},"primaryImageOfPage":{"@id":"https:\/\/www.kursaal.eus\/eu\/2019\/01\/ballet-nacional-de-espana\/#primaryimage"},"image":{"@id":"https:\/\/www.kursaal.eus\/eu\/2019\/01\/ballet-nacional-de-espana\/#primaryimage"},"thumbnailUrl":"https:\/\/www.kursaal.eus\/wp-content\/uploads\/2018\/08\/Erita\u00f1aBailarinas-572x572.jpg","datePublished":"2019-01-25T10:07:46+00:00","dateModified":"2019-01-25T10:33:17+00:00","author":{"@id":"https:\/\/www.kursaal.eus\/es\/#\/schema\/person\/fba65efb8aeb31214b751431353aa2fa"},"description":"El Ballet Nacional de Espa\u00f1a, en la actualidad el mayor exponente de la danza espa\u00f1ola, llega a Kursaal Eszena el 27 de enero.","inLanguage":"eu","potentialAction":[{"@type":"ReadAction","target":["https:\/\/www.kursaal.eus\/eu\/2019\/01\/ballet-nacional-de-espana\/"]}]},{"@type":"ImageObject","inLanguage":"eu","@id":"https:\/\/www.kursaal.eus\/eu\/2019\/01\/ballet-nacional-de-espana\/#primaryimage","url":"https:\/\/www.kursaal.eus\/wp-content\/uploads\/2018\/08\/Erita\u00f1aBailarinas-572x572.jpg","contentUrl":"https:\/\/www.kursaal.eus\/wp-content\/uploads\/2018\/08\/Erita\u00f1aBailarinas-572x572.jpg","width":572,"height":572,"caption":"Ballet Nacional de Espa\u00f1a"},{"@type":"WebSite","@id":"https:\/\/www.kursaal.eus\/es\/#website","url":"https:\/\/www.kursaal.eus\/es\/","name":"Kursaal Donostia - San Sebasti\u00e1n","description":"Palacio de Congresos y Auditorio","potentialAction":[{"@type":"SearchAction","target":{"@type":"EntryPoint","urlTemplate":"https:\/\/www.kursaal.eus\/es\/?s={search_term_string}"},"query-input":{"@type":"PropertyValueSpecification","valueRequired":true,"valueName":"search_term_string"}}],"inLanguage":"eu"},{"@type":"Person","@id":"https:\/\/www.kursaal.eus\/es\/#\/schema\/person\/fba65efb8aeb31214b751431353aa2fa","name":"itziar_larranaga","image":{"@type":"ImageObject","inLanguage":"eu","@id":"https:\/\/www.kursaal.eus\/es\/#\/schema\/person\/image\/","url":"https:\/\/secure.gravatar.com\/avatar\/bb727cdfc19c38a97b67e43c8f3bbfcc12154d5a85d0b063db2d449985d41ab4?s=96&d=mm&r=g","contentUrl":"https:\/\/secure.gravatar.com\/avatar\/bb727cdfc19c38a97b67e43c8f3bbfcc12154d5a85d0b063db2d449985d41ab4?s=96&d=mm&r=g","caption":"itziar_larranaga"},"url":"https:\/\/www.kursaal.eus\/eu\/author\/auria_etxeandia\/"}]}},"_links":{"self":[{"href":"https:\/\/www.kursaal.eus\/eu\/wp-json\/wp\/v2\/posts\/43317","targetHints":{"allow":["GET"]}}],"collection":[{"href":"https:\/\/www.kursaal.eus\/eu\/wp-json\/wp\/v2\/posts"}],"about":[{"href":"https:\/\/www.kursaal.eus\/eu\/wp-json\/wp\/v2\/types\/post"}],"author":[{"embeddable":true,"href":"https:\/\/www.kursaal.eus\/eu\/wp-json\/wp\/v2\/users\/4"}],"replies":[{"embeddable":true,"href":"https:\/\/www.kursaal.eus\/eu\/wp-json\/wp\/v2\/comments?post=43317"}],"version-history":[{"count":1,"href":"https:\/\/www.kursaal.eus\/eu\/wp-json\/wp\/v2\/posts\/43317\/revisions"}],"predecessor-version":[{"id":43318,"href":"https:\/\/www.kursaal.eus\/eu\/wp-json\/wp\/v2\/posts\/43317\/revisions\/43318"}],"wp:featuredmedia":[{"embeddable":true,"href":"https:\/\/www.kursaal.eus\/eu\/wp-json\/wp\/v2\/media\/39526"}],"wp:attachment":[{"href":"https:\/\/www.kursaal.eus\/eu\/wp-json\/wp\/v2\/media?parent=43317"}],"wp:term":[{"taxonomy":"category","embeddable":true,"href":"https:\/\/www.kursaal.eus\/eu\/wp-json\/wp\/v2\/categories?post=43317"},{"taxonomy":"post_tag","embeddable":true,"href":"https:\/\/www.kursaal.eus\/eu\/wp-json\/wp\/v2\/tags?post=43317"}],"curies":[{"name":"wp","href":"https:\/\/api.w.org\/{rel}","templated":true}]}}