{"id":98270,"date":"2025-07-29T13:42:12","date_gmt":"2025-07-29T13:42:12","guid":{"rendered":"https:\/\/www.kursaal.eus\/?p=98270"},"modified":"2025-07-29T13:43:51","modified_gmt":"2025-07-29T13:43:51","slug":"kursaal-tu-espacio-para-dialogar-sentir-y-crecer","status":"publish","type":"post","link":"https:\/\/www.kursaal.eus\/es\/2025\/07\/kursaal-tu-espacio-para-dialogar-sentir-y-crecer\/","title":{"rendered":"Kursaal, tu espacio para dialogar, sentir y crecer"},"content":{"rendered":"<p>Situado frente al mar y en pleno centro de la ciudad, Kursaal es un conjunto arquitect\u00f3nico de vanguardia dotado de espacios polivalentes y vers\u00e1tiles. Obra del prestigioso arquitecto Rafael Moneo, dispone de 2 auditorios y 20 salas de reuniones equipadas con la \u00faltima tecnolog\u00eda, lo que lo convierte junto con su experimentado equipo humano, en el espacio id\u00f3neo para acoger todo tipo de eventos. 1.500m2 de fachada LED a disposici\u00f3n de tu evento, una poderosa herramienta de comunicaci\u00f3n para generar notoriedad y emocionar a tu audiencia.<\/p>\n<p>En Kursaal, todo lo que imaginas para tu evento est\u00e1 a tu alcance.<\/p>\n","protected":false},"excerpt":{"rendered":"<p>Situado frente al mar y en pleno centro de la ciudad, Kursaal es un conjunto arquitect\u00f3nico de vanguardia dotado de espacios polivalentes y vers\u00e1tiles. Obra del prestigioso arquitecto Rafael Moneo, dispone de 2 auditorios y [&hellip;]<\/p>\n","protected":false},"author":10000097,"featured_media":98275,"comment_status":"closed","ping_status":"closed","sticky":false,"template":"","format":"video","meta":{"_acf_changed":false,"footnotes":""},"categories":[26],"tags":[],"class_list":["post-98270","post","type-post","status-publish","format-video","has-post-thumbnail","hentry","category-videos","post_format-post-format-video"],"acf":[],"yoast_head":"<!-- This site is optimized with the Yoast SEO plugin v27.0 - https:\/\/yoast.com\/product\/yoast-seo-wordpress\/ -->\n<title>Kursaal, tu espacio para dialogar, sentir y crecer - Kursaal Donostia - San Sebasti\u00e1n<\/title>\n<meta name=\"robots\" content=\"index, follow, max-snippet:-1, max-image-preview:large, max-video-preview:-1\" \/>\n<link rel=\"canonical\" href=\"https:\/\/www.kursaal.eus\/es\/2025\/07\/kursaal-tu-espacio-para-dialogar-sentir-y-crecer\/\" \/>\n<meta property=\"og:locale\" content=\"es_ES\" \/>\n<meta property=\"og:type\" content=\"article\" \/>\n<meta property=\"og:title\" content=\"Kursaal, tu espacio para dialogar, sentir y crecer - Kursaal Donostia - San Sebasti\u00e1n\" \/>\n<meta property=\"og:description\" content=\"Situado frente al mar y en pleno centro de la ciudad, Kursaal es un conjunto arquitect\u00f3nico de vanguardia dotado de espacios polivalentes y vers\u00e1tiles. Obra del prestigioso arquitecto Rafael Moneo, dispone de 2 auditorios y [&hellip;]\" \/>\n<meta property=\"og:url\" content=\"https:\/\/www.kursaal.eus\/es\/2025\/07\/kursaal-tu-espacio-para-dialogar-sentir-y-crecer\/\" \/>\n<meta property=\"og:site_name\" content=\"Kursaal Donostia - San Sebasti\u00e1n\" \/>\n<meta property=\"article:publisher\" content=\"https:\/\/www.facebook.com\/KursaalPalaciodeCongresosBiltzarJauregia\" \/>\n<meta property=\"article:published_time\" content=\"2025-07-29T13:42:12+00:00\" \/>\n<meta property=\"article:modified_time\" content=\"2025-07-29T13:43:51+00:00\" \/>\n<meta property=\"og:image\" content=\"https:\/\/www.kursaal.eus\/wp-content\/uploads\/2025\/07\/kursaal2.png\" \/>\n\t<meta property=\"og:image:width\" content=\"730\" \/>\n\t<meta property=\"og:image:height\" content=\"640\" \/>\n\t<meta property=\"og:image:type\" content=\"image\/png\" \/>\n<meta name=\"author\" content=\"comunicacion\" \/>\n<meta name=\"twitter:label1\" content=\"Escrito por\" \/>\n\t<meta name=\"twitter:data1\" content=\"comunicacion\" \/>\n\t<meta name=\"twitter:label2\" content=\"Tiempo de lectura\" \/>\n\t<meta name=\"twitter:data2\" content=\"1 minuto\" \/>\n<script type=\"application\/ld+json\" class=\"yoast-schema-graph\">{\"@context\":\"https:\/\/schema.org\",\"@graph\":[{\"@type\":\"Article\",\"@id\":\"https:\/\/www.kursaal.eus\/es\/2025\/07\/kursaal-tu-espacio-para-dialogar-sentir-y-crecer\/#article\",\"isPartOf\":{\"@id\":\"https:\/\/www.kursaal.eus\/es\/2025\/07\/kursaal-tu-espacio-para-dialogar-sentir-y-crecer\/\"},\"author\":{\"name\":\"comunicacion\",\"@id\":\"https:\/\/www.kursaal.eus\/es\/#\/schema\/person\/b8c28e02584a8e9fdcbf64ff9acd5053\"},\"headline\":\"Kursaal, tu espacio para dialogar, sentir y crecer\",\"datePublished\":\"2025-07-29T13:42:12+00:00\",\"dateModified\":\"2025-07-29T13:43:51+00:00\",\"mainEntityOfPage\":{\"@id\":\"https:\/\/www.kursaal.eus\/es\/2025\/07\/kursaal-tu-espacio-para-dialogar-sentir-y-crecer\/\"},\"wordCount\":111,\"image\":{\"@id\":\"https:\/\/www.kursaal.eus\/es\/2025\/07\/kursaal-tu-espacio-para-dialogar-sentir-y-crecer\/#primaryimage\"},\"thumbnailUrl\":\"https:\/\/www.kursaal.eus\/wp-content\/uploads\/2025\/07\/kursaal2.png\",\"articleSection\":[\"Videos\"],\"inLanguage\":\"es\"},{\"@type\":\"WebPage\",\"@id\":\"https:\/\/www.kursaal.eus\/es\/2025\/07\/kursaal-tu-espacio-para-dialogar-sentir-y-crecer\/\",\"url\":\"https:\/\/www.kursaal.eus\/es\/2025\/07\/kursaal-tu-espacio-para-dialogar-sentir-y-crecer\/\",\"name\":\"Kursaal, tu espacio para dialogar, sentir y crecer - Kursaal Donostia - San Sebasti\u00e1n\",\"isPartOf\":{\"@id\":\"https:\/\/www.kursaal.eus\/es\/#website\"},\"primaryImageOfPage\":{\"@id\":\"https:\/\/www.kursaal.eus\/es\/2025\/07\/kursaal-tu-espacio-para-dialogar-sentir-y-crecer\/#primaryimage\"},\"image\":{\"@id\":\"https:\/\/www.kursaal.eus\/es\/2025\/07\/kursaal-tu-espacio-para-dialogar-sentir-y-crecer\/#primaryimage\"},\"thumbnailUrl\":\"https:\/\/www.kursaal.eus\/wp-content\/uploads\/2025\/07\/kursaal2.png\",\"datePublished\":\"2025-07-29T13:42:12+00:00\",\"dateModified\":\"2025-07-29T13:43:51+00:00\",\"author\":{\"@id\":\"https:\/\/www.kursaal.eus\/es\/#\/schema\/person\/b8c28e02584a8e9fdcbf64ff9acd5053\"},\"inLanguage\":\"es\",\"potentialAction\":[{\"@type\":\"ReadAction\",\"target\":[\"https:\/\/www.kursaal.eus\/es\/2025\/07\/kursaal-tu-espacio-para-dialogar-sentir-y-crecer\/\"]}]},{\"@type\":\"ImageObject\",\"inLanguage\":\"es\",\"@id\":\"https:\/\/www.kursaal.eus\/es\/2025\/07\/kursaal-tu-espacio-para-dialogar-sentir-y-crecer\/#primaryimage\",\"url\":\"https:\/\/www.kursaal.eus\/wp-content\/uploads\/2025\/07\/kursaal2.png\",\"contentUrl\":\"https:\/\/www.kursaal.eus\/wp-content\/uploads\/2025\/07\/kursaal2.png\",\"width\":730,\"height\":640},{\"@type\":\"WebSite\",\"@id\":\"https:\/\/www.kursaal.eus\/es\/#website\",\"url\":\"https:\/\/www.kursaal.eus\/es\/\",\"name\":\"Kursaal Donostia - San Sebasti\u00e1n\",\"description\":\"Palacio de Congresos y Auditorio\",\"potentialAction\":[{\"@type\":\"SearchAction\",\"target\":{\"@type\":\"EntryPoint\",\"urlTemplate\":\"https:\/\/www.kursaal.eus\/es\/?s={search_term_string}\"},\"query-input\":{\"@type\":\"PropertyValueSpecification\",\"valueRequired\":true,\"valueName\":\"search_term_string\"}}],\"inLanguage\":\"es\"},{\"@type\":\"Person\",\"@id\":\"https:\/\/www.kursaal.eus\/es\/#\/schema\/person\/b8c28e02584a8e9fdcbf64ff9acd5053\",\"name\":\"comunicacion\",\"image\":{\"@type\":\"ImageObject\",\"inLanguage\":\"es\",\"@id\":\"https:\/\/www.kursaal.eus\/es\/#\/schema\/person\/image\/\",\"url\":\"https:\/\/secure.gravatar.com\/avatar\/05dbd93060e242fcd0a0aae159412e2e61b5bda978f63039debb356bb03ab841?s=96&d=mm&r=g\",\"contentUrl\":\"https:\/\/secure.gravatar.com\/avatar\/05dbd93060e242fcd0a0aae159412e2e61b5bda978f63039debb356bb03ab841?s=96&d=mm&r=g\",\"caption\":\"comunicacion\"},\"url\":\"https:\/\/www.kursaal.eus\/es\/author\/comunicacion\/\"}]}<\/script>\n<!-- \/ Yoast SEO plugin. -->","yoast_head_json":{"title":"Kursaal, tu espacio para dialogar, sentir y crecer - Kursaal Donostia - San Sebasti\u00e1n","robots":{"index":"index","follow":"follow","max-snippet":"max-snippet:-1","max-image-preview":"max-image-preview:large","max-video-preview":"max-video-preview:-1"},"canonical":"https:\/\/www.kursaal.eus\/es\/2025\/07\/kursaal-tu-espacio-para-dialogar-sentir-y-crecer\/","og_locale":"es_ES","og_type":"article","og_title":"Kursaal, tu espacio para dialogar, sentir y crecer - Kursaal Donostia - San Sebasti\u00e1n","og_description":"Situado frente al mar y en pleno centro de la ciudad, Kursaal es un conjunto arquitect\u00f3nico de vanguardia dotado de espacios polivalentes y vers\u00e1tiles. Obra del prestigioso arquitecto Rafael Moneo, dispone de 2 auditorios y [&hellip;]","og_url":"https:\/\/www.kursaal.eus\/es\/2025\/07\/kursaal-tu-espacio-para-dialogar-sentir-y-crecer\/","og_site_name":"Kursaal Donostia - San Sebasti\u00e1n","article_publisher":"https:\/\/www.facebook.com\/KursaalPalaciodeCongresosBiltzarJauregia","article_published_time":"2025-07-29T13:42:12+00:00","article_modified_time":"2025-07-29T13:43:51+00:00","og_image":[{"width":730,"height":640,"url":"https:\/\/www.kursaal.eus\/wp-content\/uploads\/2025\/07\/kursaal2.png","type":"image\/png"}],"author":"comunicacion","twitter_misc":{"Escrito por":"comunicacion","Tiempo de lectura":"1 minuto"},"schema":{"@context":"https:\/\/schema.org","@graph":[{"@type":"Article","@id":"https:\/\/www.kursaal.eus\/es\/2025\/07\/kursaal-tu-espacio-para-dialogar-sentir-y-crecer\/#article","isPartOf":{"@id":"https:\/\/www.kursaal.eus\/es\/2025\/07\/kursaal-tu-espacio-para-dialogar-sentir-y-crecer\/"},"author":{"name":"comunicacion","@id":"https:\/\/www.kursaal.eus\/es\/#\/schema\/person\/b8c28e02584a8e9fdcbf64ff9acd5053"},"headline":"Kursaal, tu espacio para dialogar, sentir y crecer","datePublished":"2025-07-29T13:42:12+00:00","dateModified":"2025-07-29T13:43:51+00:00","mainEntityOfPage":{"@id":"https:\/\/www.kursaal.eus\/es\/2025\/07\/kursaal-tu-espacio-para-dialogar-sentir-y-crecer\/"},"wordCount":111,"image":{"@id":"https:\/\/www.kursaal.eus\/es\/2025\/07\/kursaal-tu-espacio-para-dialogar-sentir-y-crecer\/#primaryimage"},"thumbnailUrl":"https:\/\/www.kursaal.eus\/wp-content\/uploads\/2025\/07\/kursaal2.png","articleSection":["Videos"],"inLanguage":"es"},{"@type":"WebPage","@id":"https:\/\/www.kursaal.eus\/es\/2025\/07\/kursaal-tu-espacio-para-dialogar-sentir-y-crecer\/","url":"https:\/\/www.kursaal.eus\/es\/2025\/07\/kursaal-tu-espacio-para-dialogar-sentir-y-crecer\/","name":"Kursaal, tu espacio para dialogar, sentir y crecer - Kursaal Donostia - San Sebasti\u00e1n","isPartOf":{"@id":"https:\/\/www.kursaal.eus\/es\/#website"},"primaryImageOfPage":{"@id":"https:\/\/www.kursaal.eus\/es\/2025\/07\/kursaal-tu-espacio-para-dialogar-sentir-y-crecer\/#primaryimage"},"image":{"@id":"https:\/\/www.kursaal.eus\/es\/2025\/07\/kursaal-tu-espacio-para-dialogar-sentir-y-crecer\/#primaryimage"},"thumbnailUrl":"https:\/\/www.kursaal.eus\/wp-content\/uploads\/2025\/07\/kursaal2.png","datePublished":"2025-07-29T13:42:12+00:00","dateModified":"2025-07-29T13:43:51+00:00","author":{"@id":"https:\/\/www.kursaal.eus\/es\/#\/schema\/person\/b8c28e02584a8e9fdcbf64ff9acd5053"},"inLanguage":"es","potentialAction":[{"@type":"ReadAction","target":["https:\/\/www.kursaal.eus\/es\/2025\/07\/kursaal-tu-espacio-para-dialogar-sentir-y-crecer\/"]}]},{"@type":"ImageObject","inLanguage":"es","@id":"https:\/\/www.kursaal.eus\/es\/2025\/07\/kursaal-tu-espacio-para-dialogar-sentir-y-crecer\/#primaryimage","url":"https:\/\/www.kursaal.eus\/wp-content\/uploads\/2025\/07\/kursaal2.png","contentUrl":"https:\/\/www.kursaal.eus\/wp-content\/uploads\/2025\/07\/kursaal2.png","width":730,"height":640},{"@type":"WebSite","@id":"https:\/\/www.kursaal.eus\/es\/#website","url":"https:\/\/www.kursaal.eus\/es\/","name":"Kursaal Donostia - San Sebasti\u00e1n","description":"Palacio de Congresos y Auditorio","potentialAction":[{"@type":"SearchAction","target":{"@type":"EntryPoint","urlTemplate":"https:\/\/www.kursaal.eus\/es\/?s={search_term_string}"},"query-input":{"@type":"PropertyValueSpecification","valueRequired":true,"valueName":"search_term_string"}}],"inLanguage":"es"},{"@type":"Person","@id":"https:\/\/www.kursaal.eus\/es\/#\/schema\/person\/b8c28e02584a8e9fdcbf64ff9acd5053","name":"comunicacion","image":{"@type":"ImageObject","inLanguage":"es","@id":"https:\/\/www.kursaal.eus\/es\/#\/schema\/person\/image\/","url":"https:\/\/secure.gravatar.com\/avatar\/05dbd93060e242fcd0a0aae159412e2e61b5bda978f63039debb356bb03ab841?s=96&d=mm&r=g","contentUrl":"https:\/\/secure.gravatar.com\/avatar\/05dbd93060e242fcd0a0aae159412e2e61b5bda978f63039debb356bb03ab841?s=96&d=mm&r=g","caption":"comunicacion"},"url":"https:\/\/www.kursaal.eus\/es\/author\/comunicacion\/"}]}},"_links":{"self":[{"href":"https:\/\/www.kursaal.eus\/es\/wp-json\/wp\/v2\/posts\/98270","targetHints":{"allow":["GET"]}}],"collection":[{"href":"https:\/\/www.kursaal.eus\/es\/wp-json\/wp\/v2\/posts"}],"about":[{"href":"https:\/\/www.kursaal.eus\/es\/wp-json\/wp\/v2\/types\/post"}],"author":[{"embeddable":true,"href":"https:\/\/www.kursaal.eus\/es\/wp-json\/wp\/v2\/users\/10000097"}],"replies":[{"embeddable":true,"href":"https:\/\/www.kursaal.eus\/es\/wp-json\/wp\/v2\/comments?post=98270"}],"version-history":[{"count":3,"href":"https:\/\/www.kursaal.eus\/es\/wp-json\/wp\/v2\/posts\/98270\/revisions"}],"predecessor-version":[{"id":98287,"href":"https:\/\/www.kursaal.eus\/es\/wp-json\/wp\/v2\/posts\/98270\/revisions\/98287"}],"wp:featuredmedia":[{"embeddable":true,"href":"https:\/\/www.kursaal.eus\/es\/wp-json\/wp\/v2\/media\/98275"}],"wp:attachment":[{"href":"https:\/\/www.kursaal.eus\/es\/wp-json\/wp\/v2\/media?parent=98270"}],"wp:term":[{"taxonomy":"category","embeddable":true,"href":"https:\/\/www.kursaal.eus\/es\/wp-json\/wp\/v2\/categories?post=98270"},{"taxonomy":"post_tag","embeddable":true,"href":"https:\/\/www.kursaal.eus\/es\/wp-json\/wp\/v2\/tags?post=98270"}],"curies":[{"name":"wp","href":"https:\/\/api.w.org\/{rel}","templated":true}]}}