{"id":98235,"date":"2025-06-16T13:03:42","date_gmt":"2025-06-16T13:03:42","guid":{"rendered":"https:\/\/www.kursaal.eus\/?p=98235"},"modified":"2025-07-29T13:09:40","modified_gmt":"2025-07-29T13:09:40","slug":"international-symposium-on-bilingualism","status":"publish","type":"post","link":"https:\/\/www.kursaal.eus\/es\/2025\/06\/international-symposium-on-bilingualism\/","title":{"rendered":"International Symposium on Bilingualism"},"content":{"rendered":"<p>M\u00e1s de 1.000 investigadores e investigadoras han llenado esta semana el Kursaal de ideas, debates y conocimiento en el mayor congreso internacional sobre biling\u00fcismo.<\/p>\n<p>El International Symposium on Bilingualism (ISB), el foro de referencia en su \u00e1mbito, ha reunido en Donostia a voces l\u00edderes de todo el mundo con un objetivo compartido: seguir avanzando en la investigaci\u00f3n, la teor\u00eda y la pr\u00e1ctica del bi y multiling\u00fcismo.<\/p>\n<p>Gracias al BCBL &#8211; Basque Center on Cognition, Brain and Language, por liderar la organizaci\u00f3n de esta edici\u00f3n \u2014la primera que se celebra en Euskadi\u2014 y por dejar un valioso legado en la ciudad con iniciativas como Euskera por el mundo, una sesi\u00f3n abierta que acerc\u00f3 el conocimiento cient\u00edfico a la ciudadan\u00eda y visibiliz\u00f3 el uso del euskera dentro y fuera de nuestras fronteras.<\/p>\n","protected":false},"excerpt":{"rendered":"<p>M\u00e1s de 1.000 investigadores e investigadoras han llenado esta semana el Kursaal de ideas, debates y conocimiento en el mayor congreso internacional sobre biling\u00fcismo. El International Symposium on Bilingualism (ISB), el foro de referencia en [&hellip;]<\/p>\n","protected":false},"author":10000097,"featured_media":98240,"comment_status":"closed","ping_status":"closed","sticky":false,"template":"","format":"video","meta":{"_acf_changed":false,"footnotes":""},"categories":[24],"tags":[],"class_list":["post-98235","post","type-post","status-publish","format-video","has-post-thumbnail","hentry","category-eventos-celebrados","post_format-post-format-video"],"acf":[],"yoast_head":"<!-- This site is optimized with the Yoast SEO plugin v27.0 - https:\/\/yoast.com\/product\/yoast-seo-wordpress\/ -->\n<title>International Symposium on Bilingualism - Kursaal Donostia - San Sebasti\u00e1n<\/title>\n<meta name=\"robots\" content=\"index, follow, max-snippet:-1, max-image-preview:large, max-video-preview:-1\" \/>\n<link rel=\"canonical\" href=\"https:\/\/www.kursaal.eus\/es\/2025\/06\/international-symposium-on-bilingualism\/\" \/>\n<meta property=\"og:locale\" content=\"es_ES\" \/>\n<meta property=\"og:type\" content=\"article\" \/>\n<meta property=\"og:title\" content=\"International Symposium on Bilingualism - Kursaal Donostia - San Sebasti\u00e1n\" \/>\n<meta property=\"og:description\" content=\"M\u00e1s de 1.000 investigadores e investigadoras han llenado esta semana el Kursaal de ideas, debates y conocimiento en el mayor congreso internacional sobre biling\u00fcismo. El International Symposium on Bilingualism (ISB), el foro de referencia en [&hellip;]\" \/>\n<meta property=\"og:url\" content=\"https:\/\/www.kursaal.eus\/es\/2025\/06\/international-symposium-on-bilingualism\/\" \/>\n<meta property=\"og:site_name\" content=\"Kursaal Donostia - San Sebasti\u00e1n\" \/>\n<meta property=\"article:publisher\" content=\"https:\/\/www.facebook.com\/KursaalPalaciodeCongresosBiltzarJauregia\" \/>\n<meta property=\"article:published_time\" content=\"2025-06-16T13:03:42+00:00\" \/>\n<meta property=\"article:modified_time\" content=\"2025-07-29T13:09:40+00:00\" \/>\n<meta property=\"og:image\" content=\"https:\/\/www.kursaal.eus\/wp-content\/uploads\/2025\/07\/1749819641253.jpeg\" \/>\n\t<meta property=\"og:image:width\" content=\"1200\" \/>\n\t<meta property=\"og:image:height\" content=\"1600\" \/>\n\t<meta property=\"og:image:type\" content=\"image\/jpeg\" \/>\n<meta name=\"author\" content=\"comunicacion\" \/>\n<meta name=\"twitter:label1\" content=\"Escrito por\" \/>\n\t<meta name=\"twitter:data1\" content=\"comunicacion\" \/>\n\t<meta name=\"twitter:label2\" content=\"Tiempo de lectura\" \/>\n\t<meta name=\"twitter:data2\" content=\"1 minuto\" \/>\n<script type=\"application\/ld+json\" class=\"yoast-schema-graph\">{\"@context\":\"https:\/\/schema.org\",\"@graph\":[{\"@type\":\"Article\",\"@id\":\"https:\/\/www.kursaal.eus\/es\/2025\/06\/international-symposium-on-bilingualism\/#article\",\"isPartOf\":{\"@id\":\"https:\/\/www.kursaal.eus\/es\/2025\/06\/international-symposium-on-bilingualism\/\"},\"author\":{\"name\":\"comunicacion\",\"@id\":\"https:\/\/www.kursaal.eus\/es\/#\/schema\/person\/b8c28e02584a8e9fdcbf64ff9acd5053\"},\"headline\":\"International Symposium on Bilingualism\",\"datePublished\":\"2025-06-16T13:03:42+00:00\",\"dateModified\":\"2025-07-29T13:09:40+00:00\",\"mainEntityOfPage\":{\"@id\":\"https:\/\/www.kursaal.eus\/es\/2025\/06\/international-symposium-on-bilingualism\/\"},\"wordCount\":145,\"image\":{\"@id\":\"https:\/\/www.kursaal.eus\/es\/2025\/06\/international-symposium-on-bilingualism\/#primaryimage\"},\"thumbnailUrl\":\"https:\/\/www.kursaal.eus\/wp-content\/uploads\/2025\/07\/1749819641253.jpeg\",\"articleSection\":[\"Eventos celebrados\"],\"inLanguage\":\"es\"},{\"@type\":\"WebPage\",\"@id\":\"https:\/\/www.kursaal.eus\/es\/2025\/06\/international-symposium-on-bilingualism\/\",\"url\":\"https:\/\/www.kursaal.eus\/es\/2025\/06\/international-symposium-on-bilingualism\/\",\"name\":\"International Symposium on Bilingualism - Kursaal Donostia - San Sebasti\u00e1n\",\"isPartOf\":{\"@id\":\"https:\/\/www.kursaal.eus\/es\/#website\"},\"primaryImageOfPage\":{\"@id\":\"https:\/\/www.kursaal.eus\/es\/2025\/06\/international-symposium-on-bilingualism\/#primaryimage\"},\"image\":{\"@id\":\"https:\/\/www.kursaal.eus\/es\/2025\/06\/international-symposium-on-bilingualism\/#primaryimage\"},\"thumbnailUrl\":\"https:\/\/www.kursaal.eus\/wp-content\/uploads\/2025\/07\/1749819641253.jpeg\",\"datePublished\":\"2025-06-16T13:03:42+00:00\",\"dateModified\":\"2025-07-29T13:09:40+00:00\",\"author\":{\"@id\":\"https:\/\/www.kursaal.eus\/es\/#\/schema\/person\/b8c28e02584a8e9fdcbf64ff9acd5053\"},\"inLanguage\":\"es\",\"potentialAction\":[{\"@type\":\"ReadAction\",\"target\":[\"https:\/\/www.kursaal.eus\/es\/2025\/06\/international-symposium-on-bilingualism\/\"]}]},{\"@type\":\"ImageObject\",\"inLanguage\":\"es\",\"@id\":\"https:\/\/www.kursaal.eus\/es\/2025\/06\/international-symposium-on-bilingualism\/#primaryimage\",\"url\":\"https:\/\/www.kursaal.eus\/wp-content\/uploads\/2025\/07\/1749819641253.jpeg\",\"contentUrl\":\"https:\/\/www.kursaal.eus\/wp-content\/uploads\/2025\/07\/1749819641253.jpeg\",\"width\":1200,\"height\":1600},{\"@type\":\"WebSite\",\"@id\":\"https:\/\/www.kursaal.eus\/es\/#website\",\"url\":\"https:\/\/www.kursaal.eus\/es\/\",\"name\":\"Kursaal Donostia - San Sebasti\u00e1n\",\"description\":\"Palacio de Congresos y Auditorio\",\"potentialAction\":[{\"@type\":\"SearchAction\",\"target\":{\"@type\":\"EntryPoint\",\"urlTemplate\":\"https:\/\/www.kursaal.eus\/es\/?s={search_term_string}\"},\"query-input\":{\"@type\":\"PropertyValueSpecification\",\"valueRequired\":true,\"valueName\":\"search_term_string\"}}],\"inLanguage\":\"es\"},{\"@type\":\"Person\",\"@id\":\"https:\/\/www.kursaal.eus\/es\/#\/schema\/person\/b8c28e02584a8e9fdcbf64ff9acd5053\",\"name\":\"comunicacion\",\"image\":{\"@type\":\"ImageObject\",\"inLanguage\":\"es\",\"@id\":\"https:\/\/www.kursaal.eus\/es\/#\/schema\/person\/image\/\",\"url\":\"https:\/\/secure.gravatar.com\/avatar\/05dbd93060e242fcd0a0aae159412e2e61b5bda978f63039debb356bb03ab841?s=96&d=mm&r=g\",\"contentUrl\":\"https:\/\/secure.gravatar.com\/avatar\/05dbd93060e242fcd0a0aae159412e2e61b5bda978f63039debb356bb03ab841?s=96&d=mm&r=g\",\"caption\":\"comunicacion\"},\"url\":\"https:\/\/www.kursaal.eus\/es\/author\/comunicacion\/\"}]}<\/script>\n<!-- \/ Yoast SEO plugin. -->","yoast_head_json":{"title":"International Symposium on Bilingualism - Kursaal Donostia - San Sebasti\u00e1n","robots":{"index":"index","follow":"follow","max-snippet":"max-snippet:-1","max-image-preview":"max-image-preview:large","max-video-preview":"max-video-preview:-1"},"canonical":"https:\/\/www.kursaal.eus\/es\/2025\/06\/international-symposium-on-bilingualism\/","og_locale":"es_ES","og_type":"article","og_title":"International Symposium on Bilingualism - Kursaal Donostia - San Sebasti\u00e1n","og_description":"M\u00e1s de 1.000 investigadores e investigadoras han llenado esta semana el Kursaal de ideas, debates y conocimiento en el mayor congreso internacional sobre biling\u00fcismo. El International Symposium on Bilingualism (ISB), el foro de referencia en [&hellip;]","og_url":"https:\/\/www.kursaal.eus\/es\/2025\/06\/international-symposium-on-bilingualism\/","og_site_name":"Kursaal Donostia - San Sebasti\u00e1n","article_publisher":"https:\/\/www.facebook.com\/KursaalPalaciodeCongresosBiltzarJauregia","article_published_time":"2025-06-16T13:03:42+00:00","article_modified_time":"2025-07-29T13:09:40+00:00","og_image":[{"width":1200,"height":1600,"url":"https:\/\/www.kursaal.eus\/wp-content\/uploads\/2025\/07\/1749819641253.jpeg","type":"image\/jpeg"}],"author":"comunicacion","twitter_misc":{"Escrito por":"comunicacion","Tiempo de lectura":"1 minuto"},"schema":{"@context":"https:\/\/schema.org","@graph":[{"@type":"Article","@id":"https:\/\/www.kursaal.eus\/es\/2025\/06\/international-symposium-on-bilingualism\/#article","isPartOf":{"@id":"https:\/\/www.kursaal.eus\/es\/2025\/06\/international-symposium-on-bilingualism\/"},"author":{"name":"comunicacion","@id":"https:\/\/www.kursaal.eus\/es\/#\/schema\/person\/b8c28e02584a8e9fdcbf64ff9acd5053"},"headline":"International Symposium on Bilingualism","datePublished":"2025-06-16T13:03:42+00:00","dateModified":"2025-07-29T13:09:40+00:00","mainEntityOfPage":{"@id":"https:\/\/www.kursaal.eus\/es\/2025\/06\/international-symposium-on-bilingualism\/"},"wordCount":145,"image":{"@id":"https:\/\/www.kursaal.eus\/es\/2025\/06\/international-symposium-on-bilingualism\/#primaryimage"},"thumbnailUrl":"https:\/\/www.kursaal.eus\/wp-content\/uploads\/2025\/07\/1749819641253.jpeg","articleSection":["Eventos celebrados"],"inLanguage":"es"},{"@type":"WebPage","@id":"https:\/\/www.kursaal.eus\/es\/2025\/06\/international-symposium-on-bilingualism\/","url":"https:\/\/www.kursaal.eus\/es\/2025\/06\/international-symposium-on-bilingualism\/","name":"International Symposium on Bilingualism - Kursaal Donostia - San Sebasti\u00e1n","isPartOf":{"@id":"https:\/\/www.kursaal.eus\/es\/#website"},"primaryImageOfPage":{"@id":"https:\/\/www.kursaal.eus\/es\/2025\/06\/international-symposium-on-bilingualism\/#primaryimage"},"image":{"@id":"https:\/\/www.kursaal.eus\/es\/2025\/06\/international-symposium-on-bilingualism\/#primaryimage"},"thumbnailUrl":"https:\/\/www.kursaal.eus\/wp-content\/uploads\/2025\/07\/1749819641253.jpeg","datePublished":"2025-06-16T13:03:42+00:00","dateModified":"2025-07-29T13:09:40+00:00","author":{"@id":"https:\/\/www.kursaal.eus\/es\/#\/schema\/person\/b8c28e02584a8e9fdcbf64ff9acd5053"},"inLanguage":"es","potentialAction":[{"@type":"ReadAction","target":["https:\/\/www.kursaal.eus\/es\/2025\/06\/international-symposium-on-bilingualism\/"]}]},{"@type":"ImageObject","inLanguage":"es","@id":"https:\/\/www.kursaal.eus\/es\/2025\/06\/international-symposium-on-bilingualism\/#primaryimage","url":"https:\/\/www.kursaal.eus\/wp-content\/uploads\/2025\/07\/1749819641253.jpeg","contentUrl":"https:\/\/www.kursaal.eus\/wp-content\/uploads\/2025\/07\/1749819641253.jpeg","width":1200,"height":1600},{"@type":"WebSite","@id":"https:\/\/www.kursaal.eus\/es\/#website","url":"https:\/\/www.kursaal.eus\/es\/","name":"Kursaal Donostia - San Sebasti\u00e1n","description":"Palacio de Congresos y Auditorio","potentialAction":[{"@type":"SearchAction","target":{"@type":"EntryPoint","urlTemplate":"https:\/\/www.kursaal.eus\/es\/?s={search_term_string}"},"query-input":{"@type":"PropertyValueSpecification","valueRequired":true,"valueName":"search_term_string"}}],"inLanguage":"es"},{"@type":"Person","@id":"https:\/\/www.kursaal.eus\/es\/#\/schema\/person\/b8c28e02584a8e9fdcbf64ff9acd5053","name":"comunicacion","image":{"@type":"ImageObject","inLanguage":"es","@id":"https:\/\/www.kursaal.eus\/es\/#\/schema\/person\/image\/","url":"https:\/\/secure.gravatar.com\/avatar\/05dbd93060e242fcd0a0aae159412e2e61b5bda978f63039debb356bb03ab841?s=96&d=mm&r=g","contentUrl":"https:\/\/secure.gravatar.com\/avatar\/05dbd93060e242fcd0a0aae159412e2e61b5bda978f63039debb356bb03ab841?s=96&d=mm&r=g","caption":"comunicacion"},"url":"https:\/\/www.kursaal.eus\/es\/author\/comunicacion\/"}]}},"_links":{"self":[{"href":"https:\/\/www.kursaal.eus\/es\/wp-json\/wp\/v2\/posts\/98235","targetHints":{"allow":["GET"]}}],"collection":[{"href":"https:\/\/www.kursaal.eus\/es\/wp-json\/wp\/v2\/posts"}],"about":[{"href":"https:\/\/www.kursaal.eus\/es\/wp-json\/wp\/v2\/types\/post"}],"author":[{"embeddable":true,"href":"https:\/\/www.kursaal.eus\/es\/wp-json\/wp\/v2\/users\/10000097"}],"replies":[{"embeddable":true,"href":"https:\/\/www.kursaal.eus\/es\/wp-json\/wp\/v2\/comments?post=98235"}],"version-history":[{"count":1,"href":"https:\/\/www.kursaal.eus\/es\/wp-json\/wp\/v2\/posts\/98235\/revisions"}],"predecessor-version":[{"id":98244,"href":"https:\/\/www.kursaal.eus\/es\/wp-json\/wp\/v2\/posts\/98235\/revisions\/98244"}],"wp:featuredmedia":[{"embeddable":true,"href":"https:\/\/www.kursaal.eus\/es\/wp-json\/wp\/v2\/media\/98240"}],"wp:attachment":[{"href":"https:\/\/www.kursaal.eus\/es\/wp-json\/wp\/v2\/media?parent=98235"}],"wp:term":[{"taxonomy":"category","embeddable":true,"href":"https:\/\/www.kursaal.eus\/es\/wp-json\/wp\/v2\/categories?post=98235"},{"taxonomy":"post_tag","embeddable":true,"href":"https:\/\/www.kursaal.eus\/es\/wp-json\/wp\/v2\/tags?post=98235"}],"curies":[{"name":"wp","href":"https:\/\/api.w.org\/{rel}","templated":true}]}}