{"id":71418,"date":"2022-04-02T11:08:00","date_gmt":"2022-04-02T11:08:00","guid":{"rendered":"https:\/\/www.kursaal.eus\/?p=71418"},"modified":"2022-04-02T11:08:00","modified_gmt":"2022-04-02T11:08:00","slug":"una-version-de-la-pasion-san-mateode-bach-dirigida-por-marcus-creed-siguiente-cita-de-la-programacion-de-clasica-de-kursaal-eszena","status":"publish","type":"post","link":"https:\/\/www.kursaal.eus\/es\/2022\/04\/una-version-de-la-pasion-san-mateode-bach-dirigida-por-marcus-creed-siguiente-cita-de-la-programacion-de-clasica-de-kursaal-eszena\/","title":{"rendered":"Una versi\u00f3n de la \u201cPasi\u00f3n San Mateo\u201dde Bach dirigida por Marcus Creed, siguiente cita de la programaci\u00f3n de  Cl\u00e1sica de Kursaal Eszena"},"content":{"rendered":"<ul>\n<li><strong>Protagonizada por Il Gardellino Baroque Orchestra, Vocalconsort Berlin, Easo Eskolania y un elenco de solistas encabezado por Jacob Pilgram.<\/strong><\/li>\n<\/ul>\n<ul>\n<li><strong>Entradas a la venta en kursaal.eus y en las taquillas del Kursaal.<\/strong><\/li>\n<\/ul>\n<p><strong>\u00a0<\/strong><strong>\u201cLa Pasi\u00f3n seg\u00fan San Mateo\u201d de Bach, <\/strong>una de las principales p\u00e1ginas de m\u00fasica religiosa de la historia, forma parte una vez m\u00e1s de la programaci\u00f3n de Cl\u00e1sica de <strong>Kursaal Eszena. Este lunes 4 de abril, <\/strong>el Audiotorio Kursaal acoge la versi\u00f3n que de esta obra dirigir\u00e1 el brit\u00e1nico<strong> Marcus Creed<\/strong>, y en la que participar\u00e1n <strong>Il Gardellino Baroque Orchestra<\/strong>, <strong>Vocalconsort Berlin<\/strong>, <strong>Easo Eskolania <\/strong>y las voces solistas de<strong> Jacob Pilgram<\/strong>, tenor (Evangelista);<strong> Miriam Feuersinger<\/strong>, soprano;<strong> Clint van der Linde<\/strong>, contralto;<strong> Thomas Hobbs<\/strong>, tenor;<strong> Klaus Mertens<\/strong>, bajo; y <strong>Benoit Arnould<\/strong>, bajo (Jes\u00fas).<\/p>\n<p>El brit\u00e1nico <strong>Marcus Creed<\/strong> se traslad\u00f3 a Berl\u00edn en 1977,donde fue director de coro en la Deutsche Oper, ense\u00f1\u00f3 interpretaci\u00f3n de lied en la Hochschule der K\u00fcnste, y trabaj\u00f3 como pianista y director con el Gruppe Neue Musik y con el Scharoun Ensemble. De 1987 a 2001 fue director art\u00edstico del RIAS Kammerchor, recibiendo numerosos premios internacionales por sus grabaciones. A lo largo de los a\u00f1os ha establecido estrechas relaciones de trabajo con la Akademie f\u00fcr Alte Musik de Berl\u00edn y la Freiburger Barockorchester, y ha actuado en los festivales de Berl\u00edn, Viena, Salzburgo, Edimburgo, Lucerna, Donaueschingen y G\u00f6ttingen. Como invitado de la Orquesta Filarm\u00f3nica de Berl\u00edn dirigi\u00f3 el <em>Gruppen<\/em> de Stockhausen junto a Claudio Abbado. Es director del SWR Vokalensemble Stuttgart desde 2003 y desde 2014 dirige el Danish National Vocal Ensemble de Copenhague.<\/p>\n<p>Desde 1998, <strong>Il Gardellino Baroque Orchestra<\/strong> ofrece un repertorio que va de Monteverdi a Mozart y de Rosenm\u00fcller a Rolle en salas de todo el mundo. Sus fundadores Marcel Ponseele y Jan De Winne no se limitan a los grandes nombres conocidos, sino que tambi\u00e9n recuperan repertorio desconocido. Esta diversidad se manifiesta tambi\u00e9n en el inter\u00e9s por otros g\u00e9neros. <strong>Vocalconsort Berlin<\/strong> es uno de los coros m\u00e1s prestigiosos de Alemania; fundado en 2003, el coro trabaja con varios directores y, sobre todo, con socios art\u00edsticos de larga duraci\u00f3n como Daniel Reuss, Folkert Uhde y Sasha Waltz. Ha cosechado \u00e9xitos en los m\u00e1s diversos \u00e1mbitos: \u00abL&#8217;Orfeo\u00bb de Monteverdi bajo la direcci\u00f3n de Ren\u00e9 Jacobs, \u00abLas cuatro estaciones\u00bb de Haydn bajo la direcci\u00f3n de Christopher Moulds, \u00abUn lugar tranquilo\u00bb de Bernstein bajo la direcci\u00f3n de Kent Nagano, etc. La <strong>Easo Eskolania<\/strong>, que dirige Gorka Miranda, ya interpret\u00f3 esta obra en 2017 dentro de la programaci\u00f3n de Kursaal Eszena, bajo la direcci\u00f3n de Ton Koopman y junto a la Amsterdam Baroque Orchestra.<\/p>\n<p>Las entradas para este concierto se pueden adquirir <a href=\"https:\/\/shop.kursaal.eus\/selection\/event\/date?productId=101780505986&amp;lang=es\">aqu\u00ed<\/a> y en las taquillas del Kursaal.<\/p>\n<p><strong>\u201cLA PASI\u00d3N SEG\u00daN SAN MATEO\u201d, BACH<br \/>\n<br \/><\/strong>Lunes 4 de abril, 19:30 horas. Auditorio Kursaal.<\/p>\n","protected":false},"excerpt":{"rendered":"<p>Protagonizada por Il Gardellino Baroque Orchestra, Vocalconsort Berlin, Easo Eskolania y un elenco de solistas encabezado por Jacob Pilgram. Entradas a la venta en kursaal.eus y en las taquillas del Kursaal. \u00a0\u201cLa Pasi\u00f3n seg\u00fan San [&hellip;]<\/p>\n","protected":false},"author":4,"featured_media":71419,"comment_status":"open","ping_status":"open","sticky":false,"template":"","format":"standard","meta":{"_acf_changed":false,"footnotes":""},"categories":[1],"tags":[],"class_list":["post-71418","post","type-post","status-publish","format-standard","has-post-thumbnail","hentry","category-actualidad"],"acf":[],"yoast_head":"<!-- This site is optimized with the Yoast SEO plugin v27.0 - https:\/\/yoast.com\/product\/yoast-seo-wordpress\/ -->\n<title>Una versi\u00f3n de la \u201cPasi\u00f3n San Mateo\u201dde Bach dirigida por Marcus Creed, siguiente cita de la programaci\u00f3n de Cl\u00e1sica de Kursaal Eszena - Kursaal Donostia - San Sebasti\u00e1n<\/title>\n<meta name=\"robots\" content=\"index, follow, max-snippet:-1, max-image-preview:large, max-video-preview:-1\" \/>\n<link rel=\"canonical\" href=\"https:\/\/www.kursaal.eus\/es\/2022\/04\/una-version-de-la-pasion-san-mateode-bach-dirigida-por-marcus-creed-siguiente-cita-de-la-programacion-de-clasica-de-kursaal-eszena\/\" \/>\n<meta property=\"og:locale\" content=\"es_ES\" \/>\n<meta property=\"og:type\" content=\"article\" \/>\n<meta property=\"og:title\" content=\"Una versi\u00f3n de la \u201cPasi\u00f3n San Mateo\u201dde Bach dirigida por Marcus Creed, siguiente cita de la programaci\u00f3n de Cl\u00e1sica de Kursaal Eszena - Kursaal Donostia - San Sebasti\u00e1n\" \/>\n<meta property=\"og:description\" content=\"Protagonizada por Il Gardellino Baroque Orchestra, Vocalconsort Berlin, Easo Eskolania y un elenco de solistas encabezado por Jacob Pilgram. Entradas a la venta en kursaal.eus y en las taquillas del Kursaal. \u00a0\u201cLa Pasi\u00f3n seg\u00fan San [&hellip;]\" \/>\n<meta property=\"og:url\" content=\"https:\/\/www.kursaal.eus\/es\/2022\/04\/una-version-de-la-pasion-san-mateode-bach-dirigida-por-marcus-creed-siguiente-cita-de-la-programacion-de-clasica-de-kursaal-eszena\/\" \/>\n<meta property=\"og:site_name\" content=\"Kursaal Donostia - San Sebasti\u00e1n\" \/>\n<meta property=\"article:publisher\" content=\"https:\/\/www.facebook.com\/KursaalPalaciodeCongresosBiltzarJauregia\" \/>\n<meta property=\"article:published_time\" content=\"2022-04-02T11:08:00+00:00\" \/>\n<meta property=\"og:image\" content=\"https:\/\/www.kursaal.eus\/wp-content\/uploads\/2022\/04\/KE_VocalconsortBerlin.jpg\" \/>\n\t<meta property=\"og:image:width\" content=\"2000\" \/>\n\t<meta property=\"og:image:height\" content=\"1213\" \/>\n\t<meta property=\"og:image:type\" content=\"image\/jpeg\" \/>\n<meta name=\"author\" content=\"itziar_larranaga\" \/>\n<meta name=\"twitter:label1\" content=\"Escrito por\" \/>\n\t<meta name=\"twitter:data1\" content=\"itziar_larranaga\" \/>\n\t<meta name=\"twitter:label2\" content=\"Tiempo de lectura\" \/>\n\t<meta name=\"twitter:data2\" content=\"2 minutos\" \/>\n<script type=\"application\/ld+json\" class=\"yoast-schema-graph\">{\"@context\":\"https:\/\/schema.org\",\"@graph\":[{\"@type\":\"Article\",\"@id\":\"https:\/\/www.kursaal.eus\/es\/2022\/04\/una-version-de-la-pasion-san-mateode-bach-dirigida-por-marcus-creed-siguiente-cita-de-la-programacion-de-clasica-de-kursaal-eszena\/#article\",\"isPartOf\":{\"@id\":\"https:\/\/www.kursaal.eus\/es\/2022\/04\/una-version-de-la-pasion-san-mateode-bach-dirigida-por-marcus-creed-siguiente-cita-de-la-programacion-de-clasica-de-kursaal-eszena\/\"},\"author\":{\"name\":\"itziar_larranaga\",\"@id\":\"https:\/\/www.kursaal.eus\/es\/#\/schema\/person\/fba65efb8aeb31214b751431353aa2fa\"},\"headline\":\"Una versi\u00f3n de la \u201cPasi\u00f3n San Mateo\u201dde Bach dirigida por Marcus Creed, siguiente cita de la programaci\u00f3n de Cl\u00e1sica de Kursaal Eszena\",\"datePublished\":\"2022-04-02T11:08:00+00:00\",\"mainEntityOfPage\":{\"@id\":\"https:\/\/www.kursaal.eus\/es\/2022\/04\/una-version-de-la-pasion-san-mateode-bach-dirigida-por-marcus-creed-siguiente-cita-de-la-programacion-de-clasica-de-kursaal-eszena\/\"},\"wordCount\":514,\"commentCount\":0,\"image\":{\"@id\":\"https:\/\/www.kursaal.eus\/es\/2022\/04\/una-version-de-la-pasion-san-mateode-bach-dirigida-por-marcus-creed-siguiente-cita-de-la-programacion-de-clasica-de-kursaal-eszena\/#primaryimage\"},\"thumbnailUrl\":\"https:\/\/www.kursaal.eus\/wp-content\/uploads\/2022\/04\/KE_VocalconsortBerlin.jpg\",\"articleSection\":[\"Actualidad\"],\"inLanguage\":\"es\",\"potentialAction\":[{\"@type\":\"CommentAction\",\"name\":\"Comment\",\"target\":[\"https:\/\/www.kursaal.eus\/es\/2022\/04\/una-version-de-la-pasion-san-mateode-bach-dirigida-por-marcus-creed-siguiente-cita-de-la-programacion-de-clasica-de-kursaal-eszena\/#respond\"]}]},{\"@type\":\"WebPage\",\"@id\":\"https:\/\/www.kursaal.eus\/es\/2022\/04\/una-version-de-la-pasion-san-mateode-bach-dirigida-por-marcus-creed-siguiente-cita-de-la-programacion-de-clasica-de-kursaal-eszena\/\",\"url\":\"https:\/\/www.kursaal.eus\/es\/2022\/04\/una-version-de-la-pasion-san-mateode-bach-dirigida-por-marcus-creed-siguiente-cita-de-la-programacion-de-clasica-de-kursaal-eszena\/\",\"name\":\"Una versi\u00f3n de la \u201cPasi\u00f3n San Mateo\u201dde Bach dirigida por Marcus Creed, siguiente cita de la programaci\u00f3n de Cl\u00e1sica de Kursaal Eszena - Kursaal Donostia - San Sebasti\u00e1n\",\"isPartOf\":{\"@id\":\"https:\/\/www.kursaal.eus\/es\/#website\"},\"primaryImageOfPage\":{\"@id\":\"https:\/\/www.kursaal.eus\/es\/2022\/04\/una-version-de-la-pasion-san-mateode-bach-dirigida-por-marcus-creed-siguiente-cita-de-la-programacion-de-clasica-de-kursaal-eszena\/#primaryimage\"},\"image\":{\"@id\":\"https:\/\/www.kursaal.eus\/es\/2022\/04\/una-version-de-la-pasion-san-mateode-bach-dirigida-por-marcus-creed-siguiente-cita-de-la-programacion-de-clasica-de-kursaal-eszena\/#primaryimage\"},\"thumbnailUrl\":\"https:\/\/www.kursaal.eus\/wp-content\/uploads\/2022\/04\/KE_VocalconsortBerlin.jpg\",\"datePublished\":\"2022-04-02T11:08:00+00:00\",\"author\":{\"@id\":\"https:\/\/www.kursaal.eus\/es\/#\/schema\/person\/fba65efb8aeb31214b751431353aa2fa\"},\"inLanguage\":\"es\",\"potentialAction\":[{\"@type\":\"ReadAction\",\"target\":[\"https:\/\/www.kursaal.eus\/es\/2022\/04\/una-version-de-la-pasion-san-mateode-bach-dirigida-por-marcus-creed-siguiente-cita-de-la-programacion-de-clasica-de-kursaal-eszena\/\"]}]},{\"@type\":\"ImageObject\",\"inLanguage\":\"es\",\"@id\":\"https:\/\/www.kursaal.eus\/es\/2022\/04\/una-version-de-la-pasion-san-mateode-bach-dirigida-por-marcus-creed-siguiente-cita-de-la-programacion-de-clasica-de-kursaal-eszena\/#primaryimage\",\"url\":\"https:\/\/www.kursaal.eus\/wp-content\/uploads\/2022\/04\/KE_VocalconsortBerlin.jpg\",\"contentUrl\":\"https:\/\/www.kursaal.eus\/wp-content\/uploads\/2022\/04\/KE_VocalconsortBerlin.jpg\",\"width\":2000,\"height\":1213},{\"@type\":\"WebSite\",\"@id\":\"https:\/\/www.kursaal.eus\/es\/#website\",\"url\":\"https:\/\/www.kursaal.eus\/es\/\",\"name\":\"Kursaal Donostia - San Sebasti\u00e1n\",\"description\":\"Palacio de Congresos y Auditorio\",\"potentialAction\":[{\"@type\":\"SearchAction\",\"target\":{\"@type\":\"EntryPoint\",\"urlTemplate\":\"https:\/\/www.kursaal.eus\/es\/?s={search_term_string}\"},\"query-input\":{\"@type\":\"PropertyValueSpecification\",\"valueRequired\":true,\"valueName\":\"search_term_string\"}}],\"inLanguage\":\"es\"},{\"@type\":\"Person\",\"@id\":\"https:\/\/www.kursaal.eus\/es\/#\/schema\/person\/fba65efb8aeb31214b751431353aa2fa\",\"name\":\"itziar_larranaga\",\"image\":{\"@type\":\"ImageObject\",\"inLanguage\":\"es\",\"@id\":\"https:\/\/www.kursaal.eus\/es\/#\/schema\/person\/image\/\",\"url\":\"https:\/\/secure.gravatar.com\/avatar\/bb727cdfc19c38a97b67e43c8f3bbfcc12154d5a85d0b063db2d449985d41ab4?s=96&d=mm&r=g\",\"contentUrl\":\"https:\/\/secure.gravatar.com\/avatar\/bb727cdfc19c38a97b67e43c8f3bbfcc12154d5a85d0b063db2d449985d41ab4?s=96&d=mm&r=g\",\"caption\":\"itziar_larranaga\"},\"url\":\"https:\/\/www.kursaal.eus\/es\/author\/auria_etxeandia\/\"}]}<\/script>\n<!-- \/ Yoast SEO plugin. -->","yoast_head_json":{"title":"Una versi\u00f3n de la \u201cPasi\u00f3n San Mateo\u201dde Bach dirigida por Marcus Creed, siguiente cita de la programaci\u00f3n de Cl\u00e1sica de Kursaal Eszena - Kursaal Donostia - San Sebasti\u00e1n","robots":{"index":"index","follow":"follow","max-snippet":"max-snippet:-1","max-image-preview":"max-image-preview:large","max-video-preview":"max-video-preview:-1"},"canonical":"https:\/\/www.kursaal.eus\/es\/2022\/04\/una-version-de-la-pasion-san-mateode-bach-dirigida-por-marcus-creed-siguiente-cita-de-la-programacion-de-clasica-de-kursaal-eszena\/","og_locale":"es_ES","og_type":"article","og_title":"Una versi\u00f3n de la \u201cPasi\u00f3n San Mateo\u201dde Bach dirigida por Marcus Creed, siguiente cita de la programaci\u00f3n de Cl\u00e1sica de Kursaal Eszena - Kursaal Donostia - San Sebasti\u00e1n","og_description":"Protagonizada por Il Gardellino Baroque Orchestra, Vocalconsort Berlin, Easo Eskolania y un elenco de solistas encabezado por Jacob Pilgram. Entradas a la venta en kursaal.eus y en las taquillas del Kursaal. \u00a0\u201cLa Pasi\u00f3n seg\u00fan San [&hellip;]","og_url":"https:\/\/www.kursaal.eus\/es\/2022\/04\/una-version-de-la-pasion-san-mateode-bach-dirigida-por-marcus-creed-siguiente-cita-de-la-programacion-de-clasica-de-kursaal-eszena\/","og_site_name":"Kursaal Donostia - San Sebasti\u00e1n","article_publisher":"https:\/\/www.facebook.com\/KursaalPalaciodeCongresosBiltzarJauregia","article_published_time":"2022-04-02T11:08:00+00:00","og_image":[{"width":2000,"height":1213,"url":"https:\/\/www.kursaal.eus\/wp-content\/uploads\/2022\/04\/KE_VocalconsortBerlin.jpg","type":"image\/jpeg"}],"author":"itziar_larranaga","twitter_misc":{"Escrito por":"itziar_larranaga","Tiempo de lectura":"2 minutos"},"schema":{"@context":"https:\/\/schema.org","@graph":[{"@type":"Article","@id":"https:\/\/www.kursaal.eus\/es\/2022\/04\/una-version-de-la-pasion-san-mateode-bach-dirigida-por-marcus-creed-siguiente-cita-de-la-programacion-de-clasica-de-kursaal-eszena\/#article","isPartOf":{"@id":"https:\/\/www.kursaal.eus\/es\/2022\/04\/una-version-de-la-pasion-san-mateode-bach-dirigida-por-marcus-creed-siguiente-cita-de-la-programacion-de-clasica-de-kursaal-eszena\/"},"author":{"name":"itziar_larranaga","@id":"https:\/\/www.kursaal.eus\/es\/#\/schema\/person\/fba65efb8aeb31214b751431353aa2fa"},"headline":"Una versi\u00f3n de la \u201cPasi\u00f3n San Mateo\u201dde Bach dirigida por Marcus Creed, siguiente cita de la programaci\u00f3n de Cl\u00e1sica de Kursaal Eszena","datePublished":"2022-04-02T11:08:00+00:00","mainEntityOfPage":{"@id":"https:\/\/www.kursaal.eus\/es\/2022\/04\/una-version-de-la-pasion-san-mateode-bach-dirigida-por-marcus-creed-siguiente-cita-de-la-programacion-de-clasica-de-kursaal-eszena\/"},"wordCount":514,"commentCount":0,"image":{"@id":"https:\/\/www.kursaal.eus\/es\/2022\/04\/una-version-de-la-pasion-san-mateode-bach-dirigida-por-marcus-creed-siguiente-cita-de-la-programacion-de-clasica-de-kursaal-eszena\/#primaryimage"},"thumbnailUrl":"https:\/\/www.kursaal.eus\/wp-content\/uploads\/2022\/04\/KE_VocalconsortBerlin.jpg","articleSection":["Actualidad"],"inLanguage":"es","potentialAction":[{"@type":"CommentAction","name":"Comment","target":["https:\/\/www.kursaal.eus\/es\/2022\/04\/una-version-de-la-pasion-san-mateode-bach-dirigida-por-marcus-creed-siguiente-cita-de-la-programacion-de-clasica-de-kursaal-eszena\/#respond"]}]},{"@type":"WebPage","@id":"https:\/\/www.kursaal.eus\/es\/2022\/04\/una-version-de-la-pasion-san-mateode-bach-dirigida-por-marcus-creed-siguiente-cita-de-la-programacion-de-clasica-de-kursaal-eszena\/","url":"https:\/\/www.kursaal.eus\/es\/2022\/04\/una-version-de-la-pasion-san-mateode-bach-dirigida-por-marcus-creed-siguiente-cita-de-la-programacion-de-clasica-de-kursaal-eszena\/","name":"Una versi\u00f3n de la \u201cPasi\u00f3n San Mateo\u201dde Bach dirigida por Marcus Creed, siguiente cita de la programaci\u00f3n de Cl\u00e1sica de Kursaal Eszena - Kursaal Donostia - San Sebasti\u00e1n","isPartOf":{"@id":"https:\/\/www.kursaal.eus\/es\/#website"},"primaryImageOfPage":{"@id":"https:\/\/www.kursaal.eus\/es\/2022\/04\/una-version-de-la-pasion-san-mateode-bach-dirigida-por-marcus-creed-siguiente-cita-de-la-programacion-de-clasica-de-kursaal-eszena\/#primaryimage"},"image":{"@id":"https:\/\/www.kursaal.eus\/es\/2022\/04\/una-version-de-la-pasion-san-mateode-bach-dirigida-por-marcus-creed-siguiente-cita-de-la-programacion-de-clasica-de-kursaal-eszena\/#primaryimage"},"thumbnailUrl":"https:\/\/www.kursaal.eus\/wp-content\/uploads\/2022\/04\/KE_VocalconsortBerlin.jpg","datePublished":"2022-04-02T11:08:00+00:00","author":{"@id":"https:\/\/www.kursaal.eus\/es\/#\/schema\/person\/fba65efb8aeb31214b751431353aa2fa"},"inLanguage":"es","potentialAction":[{"@type":"ReadAction","target":["https:\/\/www.kursaal.eus\/es\/2022\/04\/una-version-de-la-pasion-san-mateode-bach-dirigida-por-marcus-creed-siguiente-cita-de-la-programacion-de-clasica-de-kursaal-eszena\/"]}]},{"@type":"ImageObject","inLanguage":"es","@id":"https:\/\/www.kursaal.eus\/es\/2022\/04\/una-version-de-la-pasion-san-mateode-bach-dirigida-por-marcus-creed-siguiente-cita-de-la-programacion-de-clasica-de-kursaal-eszena\/#primaryimage","url":"https:\/\/www.kursaal.eus\/wp-content\/uploads\/2022\/04\/KE_VocalconsortBerlin.jpg","contentUrl":"https:\/\/www.kursaal.eus\/wp-content\/uploads\/2022\/04\/KE_VocalconsortBerlin.jpg","width":2000,"height":1213},{"@type":"WebSite","@id":"https:\/\/www.kursaal.eus\/es\/#website","url":"https:\/\/www.kursaal.eus\/es\/","name":"Kursaal Donostia - San Sebasti\u00e1n","description":"Palacio de Congresos y Auditorio","potentialAction":[{"@type":"SearchAction","target":{"@type":"EntryPoint","urlTemplate":"https:\/\/www.kursaal.eus\/es\/?s={search_term_string}"},"query-input":{"@type":"PropertyValueSpecification","valueRequired":true,"valueName":"search_term_string"}}],"inLanguage":"es"},{"@type":"Person","@id":"https:\/\/www.kursaal.eus\/es\/#\/schema\/person\/fba65efb8aeb31214b751431353aa2fa","name":"itziar_larranaga","image":{"@type":"ImageObject","inLanguage":"es","@id":"https:\/\/www.kursaal.eus\/es\/#\/schema\/person\/image\/","url":"https:\/\/secure.gravatar.com\/avatar\/bb727cdfc19c38a97b67e43c8f3bbfcc12154d5a85d0b063db2d449985d41ab4?s=96&d=mm&r=g","contentUrl":"https:\/\/secure.gravatar.com\/avatar\/bb727cdfc19c38a97b67e43c8f3bbfcc12154d5a85d0b063db2d449985d41ab4?s=96&d=mm&r=g","caption":"itziar_larranaga"},"url":"https:\/\/www.kursaal.eus\/es\/author\/auria_etxeandia\/"}]}},"_links":{"self":[{"href":"https:\/\/www.kursaal.eus\/es\/wp-json\/wp\/v2\/posts\/71418","targetHints":{"allow":["GET"]}}],"collection":[{"href":"https:\/\/www.kursaal.eus\/es\/wp-json\/wp\/v2\/posts"}],"about":[{"href":"https:\/\/www.kursaal.eus\/es\/wp-json\/wp\/v2\/types\/post"}],"author":[{"embeddable":true,"href":"https:\/\/www.kursaal.eus\/es\/wp-json\/wp\/v2\/users\/4"}],"replies":[{"embeddable":true,"href":"https:\/\/www.kursaal.eus\/es\/wp-json\/wp\/v2\/comments?post=71418"}],"version-history":[{"count":1,"href":"https:\/\/www.kursaal.eus\/es\/wp-json\/wp\/v2\/posts\/71418\/revisions"}],"predecessor-version":[{"id":71423,"href":"https:\/\/www.kursaal.eus\/es\/wp-json\/wp\/v2\/posts\/71418\/revisions\/71423"}],"wp:featuredmedia":[{"embeddable":true,"href":"https:\/\/www.kursaal.eus\/es\/wp-json\/wp\/v2\/media\/71419"}],"wp:attachment":[{"href":"https:\/\/www.kursaal.eus\/es\/wp-json\/wp\/v2\/media?parent=71418"}],"wp:term":[{"taxonomy":"category","embeddable":true,"href":"https:\/\/www.kursaal.eus\/es\/wp-json\/wp\/v2\/categories?post=71418"},{"taxonomy":"post_tag","embeddable":true,"href":"https:\/\/www.kursaal.eus\/es\/wp-json\/wp\/v2\/tags?post=71418"}],"curies":[{"name":"wp","href":"https:\/\/api.w.org\/{rel}","templated":true}]}}