{"id":43314,"date":"2019-01-25T10:07:46","date_gmt":"2019-01-25T10:07:46","guid":{"rendered":"https:\/\/www.kursaal.eus\/?p=43314"},"modified":"2019-01-25T10:07:46","modified_gmt":"2019-01-25T10:07:46","slug":"ballet-nacional-de-espana","status":"publish","type":"post","link":"https:\/\/www.kursaal.eus\/es\/2019\/01\/ballet-nacional-de-espana\/","title":{"rendered":"El Ballet Nacional de Espa\u00f1a ofrecer\u00e1 su homenaje a Antonio Ruiz Soler \u201cEl Bailar\u00edn\u201d en Kursaal Eszena"},"content":{"rendered":"<p>El Ballet Nacional de Espa\u00f1a, en la actualidad el mayor exponente de la danza espa\u00f1ola, llega a Kursaal Eszena el 27 de enero, con el homenaje a Antonio Ruiz Soler \u201cEl Bailar\u00edn\u201d, uno de los m\u00e1s prol\u00edficos, virtuosos y gloriosos bailaores del siglo XX.<\/p>\n<p>Dirigido por Antonio Najarro desde 2011, el Ballet Nacional de Espa\u00f1a muestra todos los estilos de baile del pa\u00eds en los m\u00e1s destacados teatros del mundo, a trav\u00e9s de muy distintos espect\u00e1culos que abarcan tradici\u00f3n y vanguardia.<\/p>\n<p><em>Erita\u00f1a<\/em> es la primera de las coreograf\u00edas que se interpretar\u00e1n esta noche, la cual se nutre de los pasos de las sevillanas boleras y de la forma de ejecuci\u00f3n que ten\u00edan durante el siglo XIX. Forma parte del cuaderno n\u00ba 4 del suite <em>Iberia<\/em> que Isaac Albeniz compuso al final de su vida. Le seguir\u00e1 <em>Taranto<\/em> que aparece en la pel\u00edcula <em>La Taberna del Toro.<\/em> Al verla, Elsa Brunelleschi, bailarina argentina que trabaj\u00f3 como profesora de danza espa\u00f1ola entre otros en el Royal Ballet de Londres, escribi\u00f3 que la compa\u00f1\u00eda de Antonio hab\u00eda mejorado m\u00e1s all\u00e1 de cualquier reconocimiento.<\/p>\n<p>A\u00fan as\u00ed, sin duda el solo m\u00e1s emblem\u00e1tico de El Bailar\u00edn fue la versi\u00f3n <em>Zapateando<\/em> de Pablo Sarasate. La partitura del compositor navarro es una delicia, pero la interpretaci\u00f3n, que contiene todos sus matices, elev\u00f3 su prestigio m\u00e1s all\u00e1. El Ballet Nacional de Espa\u00f1a llevar\u00e1 a escena, asimismo, <em>Fantas\u00eda Galaica<\/em> del compositor Ernesto Halffter. El sevillano supo hacer pl\u00e1sticas sus ideas musicales, acerc\u00e1ndose a su vez a la tradici\u00f3n del ballet. En la alborada de cierre de esta vertiginosa creaci\u00f3n recoge tambi\u00e9n la din\u00e1mica propia de la mu\u00f1eira, el baile m\u00e1s popular de Galicia.<\/p>\n<p>La actuaci\u00f3n concluir\u00e1 con <em>El Sombrero de Tres Picos<\/em>. Se trara de una reescritura del ballet-pantomima <em>El Corregidor y La Molinera <\/em>que Gregorio Mart\u00ednez Sierra le encarg\u00f3 a Manuel de Falla. Falla lo compuso seg\u00fan las indicaciones de Leonide Massine, core\u00f3grafo de la versi\u00f3n original. Con la versi\u00f3n de Antonio, <em>El sombrero de tres picos<\/em> triunf\u00f3 como coreograf\u00eda con el lenguaje de la danza espa\u00f1ola que incluye adem\u00e1s escenograf\u00eda dise\u00f1ada por Pablo Picasso.<\/p>\n<p><strong>BALLET NACIONAL DE ESPA\u00d1A<br \/>\n<\/strong>Domingo 27 de enero \/ 19:00<br \/>\n39 \/ 31 \/ 25 \/ 20 \/ 11 \u20ac<br \/>\n<img loading=\"lazy\" decoding=\"async\" class=\"alignnone size-full wp-image-31289\" src=\"https:\/\/www.kursaal.eus\/wp-content\/uploads\/2017\/10\/carro.jpg\" alt=\"\" width=\"23\" height=\"27\" \/><a href=\"https:\/\/shop.kursaal.eus\/selection\/event\/date?productId=101347781490&amp;lang=es\">Comprar entradas<\/a><\/p>\n","protected":false},"excerpt":{"rendered":"<p>El Ballet Nacional de Espa\u00f1a, en la actualidad el mayor exponente de la danza espa\u00f1ola, llega a Kursaal Eszena el 27 de enero, con el homenaje a Antonio Ruiz Soler \u201cEl Bailar\u00edn\u201d, uno de los [&hellip;]<\/p>\n","protected":false},"author":4,"featured_media":39525,"comment_status":"open","ping_status":"open","sticky":false,"template":"","format":"standard","meta":{"_acf_changed":false,"footnotes":""},"categories":[1],"tags":[],"class_list":["post-43314","post","type-post","status-publish","format-standard","has-post-thumbnail","hentry","category-actualidad"],"acf":[],"yoast_head":"<!-- This site is optimized with the Yoast SEO plugin v27.0 - https:\/\/yoast.com\/product\/yoast-seo-wordpress\/ -->\n<title>El Ballet Nacional de Espa\u00f1a ofrecer\u00e1 su homenaje a Antonio Ruiz Soler \u201cEl Bailar\u00edn\u201d en Kursaal Eszena - Kursaal Donostia - San Sebasti\u00e1n<\/title>\n<meta name=\"description\" content=\"El Ballet Nacional de Espa\u00f1a, en la actualidad el mayor exponente de la danza espa\u00f1ola, llega a Kursaal Eszena el 27 de enero.\" \/>\n<meta name=\"robots\" content=\"index, follow, max-snippet:-1, max-image-preview:large, max-video-preview:-1\" \/>\n<link rel=\"canonical\" href=\"https:\/\/www.kursaal.eus\/es\/2019\/01\/ballet-nacional-de-espana\/\" \/>\n<meta property=\"og:locale\" content=\"es_ES\" \/>\n<meta property=\"og:type\" content=\"article\" \/>\n<meta property=\"og:title\" content=\"El Ballet Nacional de Espa\u00f1a ofrecer\u00e1 su homenaje a Antonio Ruiz Soler \u201cEl Bailar\u00edn\u201d en Kursaal Eszena - Kursaal Donostia - San Sebasti\u00e1n\" \/>\n<meta property=\"og:description\" content=\"El Ballet Nacional de Espa\u00f1a, en la actualidad el mayor exponente de la danza espa\u00f1ola, llega a Kursaal Eszena el 27 de enero.\" \/>\n<meta property=\"og:url\" content=\"https:\/\/www.kursaal.eus\/es\/2019\/01\/ballet-nacional-de-espana\/\" \/>\n<meta property=\"og:site_name\" content=\"Kursaal Donostia - San Sebasti\u00e1n\" \/>\n<meta property=\"article:publisher\" content=\"https:\/\/www.facebook.com\/KursaalPalaciodeCongresosBiltzarJauregia\" \/>\n<meta property=\"article:published_time\" content=\"2019-01-25T10:07:46+00:00\" \/>\n<meta property=\"og:image\" content=\"https:\/\/www.kursaal.eus\/wp-content\/uploads\/2018\/08\/Erita\u00f1aBailarinas-572x572.jpg\" \/>\n\t<meta property=\"og:image:width\" content=\"572\" \/>\n\t<meta property=\"og:image:height\" content=\"572\" \/>\n\t<meta property=\"og:image:type\" content=\"image\/jpeg\" \/>\n<meta name=\"author\" content=\"itziar_larranaga\" \/>\n<meta name=\"twitter:label1\" content=\"Escrito por\" \/>\n\t<meta name=\"twitter:data1\" content=\"itziar_larranaga\" \/>\n\t<meta name=\"twitter:label2\" content=\"Tiempo de lectura\" \/>\n\t<meta name=\"twitter:data2\" content=\"2 minutos\" \/>\n<script type=\"application\/ld+json\" class=\"yoast-schema-graph\">{\"@context\":\"https:\/\/schema.org\",\"@graph\":[{\"@type\":\"Article\",\"@id\":\"https:\/\/www.kursaal.eus\/es\/2019\/01\/ballet-nacional-de-espana\/#article\",\"isPartOf\":{\"@id\":\"https:\/\/www.kursaal.eus\/es\/2019\/01\/ballet-nacional-de-espana\/\"},\"author\":{\"name\":\"itziar_larranaga\",\"@id\":\"https:\/\/www.kursaal.eus\/es\/#\/schema\/person\/fba65efb8aeb31214b751431353aa2fa\"},\"headline\":\"El Ballet Nacional de Espa\u00f1a ofrecer\u00e1 su homenaje a Antonio Ruiz Soler \u201cEl Bailar\u00edn\u201d en Kursaal Eszena\",\"datePublished\":\"2019-01-25T10:07:46+00:00\",\"mainEntityOfPage\":{\"@id\":\"https:\/\/www.kursaal.eus\/es\/2019\/01\/ballet-nacional-de-espana\/\"},\"wordCount\":422,\"commentCount\":0,\"image\":{\"@id\":\"https:\/\/www.kursaal.eus\/es\/2019\/01\/ballet-nacional-de-espana\/#primaryimage\"},\"thumbnailUrl\":\"https:\/\/www.kursaal.eus\/wp-content\/uploads\/2018\/08\/Erita\u00f1aBailarinas-572x572.jpg\",\"articleSection\":[\"Actualidad\"],\"inLanguage\":\"es\",\"potentialAction\":[{\"@type\":\"CommentAction\",\"name\":\"Comment\",\"target\":[\"https:\/\/www.kursaal.eus\/es\/2019\/01\/ballet-nacional-de-espana\/#respond\"]}]},{\"@type\":\"WebPage\",\"@id\":\"https:\/\/www.kursaal.eus\/es\/2019\/01\/ballet-nacional-de-espana\/\",\"url\":\"https:\/\/www.kursaal.eus\/es\/2019\/01\/ballet-nacional-de-espana\/\",\"name\":\"El Ballet Nacional de Espa\u00f1a ofrecer\u00e1 su homenaje a Antonio Ruiz Soler \u201cEl Bailar\u00edn\u201d en Kursaal Eszena - Kursaal Donostia - San Sebasti\u00e1n\",\"isPartOf\":{\"@id\":\"https:\/\/www.kursaal.eus\/es\/#website\"},\"primaryImageOfPage\":{\"@id\":\"https:\/\/www.kursaal.eus\/es\/2019\/01\/ballet-nacional-de-espana\/#primaryimage\"},\"image\":{\"@id\":\"https:\/\/www.kursaal.eus\/es\/2019\/01\/ballet-nacional-de-espana\/#primaryimage\"},\"thumbnailUrl\":\"https:\/\/www.kursaal.eus\/wp-content\/uploads\/2018\/08\/Erita\u00f1aBailarinas-572x572.jpg\",\"datePublished\":\"2019-01-25T10:07:46+00:00\",\"author\":{\"@id\":\"https:\/\/www.kursaal.eus\/es\/#\/schema\/person\/fba65efb8aeb31214b751431353aa2fa\"},\"description\":\"El Ballet Nacional de Espa\u00f1a, en la actualidad el mayor exponente de la danza espa\u00f1ola, llega a Kursaal Eszena el 27 de enero.\",\"inLanguage\":\"es\",\"potentialAction\":[{\"@type\":\"ReadAction\",\"target\":[\"https:\/\/www.kursaal.eus\/es\/2019\/01\/ballet-nacional-de-espana\/\"]}]},{\"@type\":\"ImageObject\",\"inLanguage\":\"es\",\"@id\":\"https:\/\/www.kursaal.eus\/es\/2019\/01\/ballet-nacional-de-espana\/#primaryimage\",\"url\":\"https:\/\/www.kursaal.eus\/wp-content\/uploads\/2018\/08\/Erita\u00f1aBailarinas-572x572.jpg\",\"contentUrl\":\"https:\/\/www.kursaal.eus\/wp-content\/uploads\/2018\/08\/Erita\u00f1aBailarinas-572x572.jpg\",\"width\":572,\"height\":572,\"caption\":\"Ballet Nacional de Espa\u00f1a\"},{\"@type\":\"WebSite\",\"@id\":\"https:\/\/www.kursaal.eus\/es\/#website\",\"url\":\"https:\/\/www.kursaal.eus\/es\/\",\"name\":\"Kursaal Donostia - San Sebasti\u00e1n\",\"description\":\"Palacio de Congresos y Auditorio\",\"potentialAction\":[{\"@type\":\"SearchAction\",\"target\":{\"@type\":\"EntryPoint\",\"urlTemplate\":\"https:\/\/www.kursaal.eus\/es\/?s={search_term_string}\"},\"query-input\":{\"@type\":\"PropertyValueSpecification\",\"valueRequired\":true,\"valueName\":\"search_term_string\"}}],\"inLanguage\":\"es\"},{\"@type\":\"Person\",\"@id\":\"https:\/\/www.kursaal.eus\/es\/#\/schema\/person\/fba65efb8aeb31214b751431353aa2fa\",\"name\":\"itziar_larranaga\",\"image\":{\"@type\":\"ImageObject\",\"inLanguage\":\"es\",\"@id\":\"https:\/\/www.kursaal.eus\/es\/#\/schema\/person\/image\/\",\"url\":\"https:\/\/secure.gravatar.com\/avatar\/bb727cdfc19c38a97b67e43c8f3bbfcc12154d5a85d0b063db2d449985d41ab4?s=96&d=mm&r=g\",\"contentUrl\":\"https:\/\/secure.gravatar.com\/avatar\/bb727cdfc19c38a97b67e43c8f3bbfcc12154d5a85d0b063db2d449985d41ab4?s=96&d=mm&r=g\",\"caption\":\"itziar_larranaga\"},\"url\":\"https:\/\/www.kursaal.eus\/es\/author\/auria_etxeandia\/\"}]}<\/script>\n<!-- \/ Yoast SEO plugin. -->","yoast_head_json":{"title":"El Ballet Nacional de Espa\u00f1a ofrecer\u00e1 su homenaje a Antonio Ruiz Soler \u201cEl Bailar\u00edn\u201d en Kursaal Eszena - Kursaal Donostia - San Sebasti\u00e1n","description":"El Ballet Nacional de Espa\u00f1a, en la actualidad el mayor exponente de la danza espa\u00f1ola, llega a Kursaal Eszena el 27 de enero.","robots":{"index":"index","follow":"follow","max-snippet":"max-snippet:-1","max-image-preview":"max-image-preview:large","max-video-preview":"max-video-preview:-1"},"canonical":"https:\/\/www.kursaal.eus\/es\/2019\/01\/ballet-nacional-de-espana\/","og_locale":"es_ES","og_type":"article","og_title":"El Ballet Nacional de Espa\u00f1a ofrecer\u00e1 su homenaje a Antonio Ruiz Soler \u201cEl Bailar\u00edn\u201d en Kursaal Eszena - Kursaal Donostia - San Sebasti\u00e1n","og_description":"El Ballet Nacional de Espa\u00f1a, en la actualidad el mayor exponente de la danza espa\u00f1ola, llega a Kursaal Eszena el 27 de enero.","og_url":"https:\/\/www.kursaal.eus\/es\/2019\/01\/ballet-nacional-de-espana\/","og_site_name":"Kursaal Donostia - San Sebasti\u00e1n","article_publisher":"https:\/\/www.facebook.com\/KursaalPalaciodeCongresosBiltzarJauregia","article_published_time":"2019-01-25T10:07:46+00:00","og_image":[{"width":572,"height":572,"url":"https:\/\/www.kursaal.eus\/wp-content\/uploads\/2018\/08\/Erita\u00f1aBailarinas-572x572.jpg","type":"image\/jpeg"}],"author":"itziar_larranaga","twitter_misc":{"Escrito por":"itziar_larranaga","Tiempo de lectura":"2 minutos"},"schema":{"@context":"https:\/\/schema.org","@graph":[{"@type":"Article","@id":"https:\/\/www.kursaal.eus\/es\/2019\/01\/ballet-nacional-de-espana\/#article","isPartOf":{"@id":"https:\/\/www.kursaal.eus\/es\/2019\/01\/ballet-nacional-de-espana\/"},"author":{"name":"itziar_larranaga","@id":"https:\/\/www.kursaal.eus\/es\/#\/schema\/person\/fba65efb8aeb31214b751431353aa2fa"},"headline":"El Ballet Nacional de Espa\u00f1a ofrecer\u00e1 su homenaje a Antonio Ruiz Soler \u201cEl Bailar\u00edn\u201d en Kursaal Eszena","datePublished":"2019-01-25T10:07:46+00:00","mainEntityOfPage":{"@id":"https:\/\/www.kursaal.eus\/es\/2019\/01\/ballet-nacional-de-espana\/"},"wordCount":422,"commentCount":0,"image":{"@id":"https:\/\/www.kursaal.eus\/es\/2019\/01\/ballet-nacional-de-espana\/#primaryimage"},"thumbnailUrl":"https:\/\/www.kursaal.eus\/wp-content\/uploads\/2018\/08\/Erita\u00f1aBailarinas-572x572.jpg","articleSection":["Actualidad"],"inLanguage":"es","potentialAction":[{"@type":"CommentAction","name":"Comment","target":["https:\/\/www.kursaal.eus\/es\/2019\/01\/ballet-nacional-de-espana\/#respond"]}]},{"@type":"WebPage","@id":"https:\/\/www.kursaal.eus\/es\/2019\/01\/ballet-nacional-de-espana\/","url":"https:\/\/www.kursaal.eus\/es\/2019\/01\/ballet-nacional-de-espana\/","name":"El Ballet Nacional de Espa\u00f1a ofrecer\u00e1 su homenaje a Antonio Ruiz Soler \u201cEl Bailar\u00edn\u201d en Kursaal Eszena - Kursaal Donostia - San Sebasti\u00e1n","isPartOf":{"@id":"https:\/\/www.kursaal.eus\/es\/#website"},"primaryImageOfPage":{"@id":"https:\/\/www.kursaal.eus\/es\/2019\/01\/ballet-nacional-de-espana\/#primaryimage"},"image":{"@id":"https:\/\/www.kursaal.eus\/es\/2019\/01\/ballet-nacional-de-espana\/#primaryimage"},"thumbnailUrl":"https:\/\/www.kursaal.eus\/wp-content\/uploads\/2018\/08\/Erita\u00f1aBailarinas-572x572.jpg","datePublished":"2019-01-25T10:07:46+00:00","author":{"@id":"https:\/\/www.kursaal.eus\/es\/#\/schema\/person\/fba65efb8aeb31214b751431353aa2fa"},"description":"El Ballet Nacional de Espa\u00f1a, en la actualidad el mayor exponente de la danza espa\u00f1ola, llega a Kursaal Eszena el 27 de enero.","inLanguage":"es","potentialAction":[{"@type":"ReadAction","target":["https:\/\/www.kursaal.eus\/es\/2019\/01\/ballet-nacional-de-espana\/"]}]},{"@type":"ImageObject","inLanguage":"es","@id":"https:\/\/www.kursaal.eus\/es\/2019\/01\/ballet-nacional-de-espana\/#primaryimage","url":"https:\/\/www.kursaal.eus\/wp-content\/uploads\/2018\/08\/Erita\u00f1aBailarinas-572x572.jpg","contentUrl":"https:\/\/www.kursaal.eus\/wp-content\/uploads\/2018\/08\/Erita\u00f1aBailarinas-572x572.jpg","width":572,"height":572,"caption":"Ballet Nacional de Espa\u00f1a"},{"@type":"WebSite","@id":"https:\/\/www.kursaal.eus\/es\/#website","url":"https:\/\/www.kursaal.eus\/es\/","name":"Kursaal Donostia - San Sebasti\u00e1n","description":"Palacio de Congresos y Auditorio","potentialAction":[{"@type":"SearchAction","target":{"@type":"EntryPoint","urlTemplate":"https:\/\/www.kursaal.eus\/es\/?s={search_term_string}"},"query-input":{"@type":"PropertyValueSpecification","valueRequired":true,"valueName":"search_term_string"}}],"inLanguage":"es"},{"@type":"Person","@id":"https:\/\/www.kursaal.eus\/es\/#\/schema\/person\/fba65efb8aeb31214b751431353aa2fa","name":"itziar_larranaga","image":{"@type":"ImageObject","inLanguage":"es","@id":"https:\/\/www.kursaal.eus\/es\/#\/schema\/person\/image\/","url":"https:\/\/secure.gravatar.com\/avatar\/bb727cdfc19c38a97b67e43c8f3bbfcc12154d5a85d0b063db2d449985d41ab4?s=96&d=mm&r=g","contentUrl":"https:\/\/secure.gravatar.com\/avatar\/bb727cdfc19c38a97b67e43c8f3bbfcc12154d5a85d0b063db2d449985d41ab4?s=96&d=mm&r=g","caption":"itziar_larranaga"},"url":"https:\/\/www.kursaal.eus\/es\/author\/auria_etxeandia\/"}]}},"_links":{"self":[{"href":"https:\/\/www.kursaal.eus\/es\/wp-json\/wp\/v2\/posts\/43314","targetHints":{"allow":["GET"]}}],"collection":[{"href":"https:\/\/www.kursaal.eus\/es\/wp-json\/wp\/v2\/posts"}],"about":[{"href":"https:\/\/www.kursaal.eus\/es\/wp-json\/wp\/v2\/types\/post"}],"author":[{"embeddable":true,"href":"https:\/\/www.kursaal.eus\/es\/wp-json\/wp\/v2\/users\/4"}],"replies":[{"embeddable":true,"href":"https:\/\/www.kursaal.eus\/es\/wp-json\/wp\/v2\/comments?post=43314"}],"version-history":[{"count":2,"href":"https:\/\/www.kursaal.eus\/es\/wp-json\/wp\/v2\/posts\/43314\/revisions"}],"predecessor-version":[{"id":43316,"href":"https:\/\/www.kursaal.eus\/es\/wp-json\/wp\/v2\/posts\/43314\/revisions\/43316"}],"wp:featuredmedia":[{"embeddable":true,"href":"https:\/\/www.kursaal.eus\/es\/wp-json\/wp\/v2\/media\/39525"}],"wp:attachment":[{"href":"https:\/\/www.kursaal.eus\/es\/wp-json\/wp\/v2\/media?parent=43314"}],"wp:term":[{"taxonomy":"category","embeddable":true,"href":"https:\/\/www.kursaal.eus\/es\/wp-json\/wp\/v2\/categories?post=43314"},{"taxonomy":"post_tag","embeddable":true,"href":"https:\/\/www.kursaal.eus\/es\/wp-json\/wp\/v2\/tags?post=43314"}],"curies":[{"name":"wp","href":"https:\/\/api.w.org\/{rel}","templated":true}]}}