{"id":102692,"date":"2026-02-19T14:16:42","date_gmt":"2026-02-19T14:16:42","guid":{"rendered":"https:\/\/www.kursaal.eus\/?p=102692"},"modified":"2026-02-20T12:17:00","modified_gmt":"2026-02-20T12:17:00","slug":"kursaal-cierra-2025-con-resultados-excepcionales","status":"publish","type":"post","link":"https:\/\/www.kursaal.eus\/es\/2026\/02\/kursaal-cierra-2025-con-resultados-excepcionales\/","title":{"rendered":"Kursaal cierra 2025 con resultados excepcionales"},"content":{"rendered":"<p><strong>Kursaal y el Palacio Miramar crecen con fuerza con un aumento del 17,7% en ingresos <\/strong><\/p>\n<p>La Sociedad Kursaal ha presentado esta ma\u00f1ana el balance de 2025 que se consolida como un a\u00f1o hist\u00f3rico para el Kursaal y el Palacio Miramar. La entidad ha registrado un crecimiento extraordinario del <strong>17,7% respecto a 2024<\/strong>, alcanzando una <strong>facturaci\u00f3n total de 6,7 millones de euros<\/strong>. Desde 2023, el incremento acumulado se sit\u00faa en el <strong>34,5%<\/strong>, lo que permite superar en apenas dos a\u00f1os el ambicioso objetivo fijado en el Plan Estrat\u00e9gico 2024-2027 para un periodo de cuatro a\u00f1os. Este resultado ha sido posible gracias a la intensa actividad desarrollada en ambas sedes, que han acogido <strong>511 eventos<\/strong> y atra\u00eddo a <strong>420.403 asistentes<\/strong>, reforzando su papel como infraestructuras estrat\u00e9gicas para la dinamizaci\u00f3n cultural y el desarrollo econ\u00f3mico del territorio.<\/p>\n<p>Este crecimiento sostenido tambi\u00e9n se ha reflejado en los resultados, que, en t\u00e9rminos de <strong>EBITDA, ascendi\u00f3 a 1.909.840 euros<\/strong>. Impulsado por el excelente nivel de actividad, el incremento de ingresos y una gesti\u00f3n eficiente del gasto, el ejercicio registra un aumento del 66,1% respecto a 2024.<\/p>\n<p>La Sociedad Kursaal, fruto de los buenos resultados en Kursaal y Miramar, ha generado en 2025 el <strong>mayor impacto econ\u00f3mico de su historia en el territorio<\/strong>, alcanzando conjuntamente los <strong>70,1 millones de euros<\/strong>, reafirmando su contribuci\u00f3n al desarrollo local y consolidando su papel como motor econ\u00f3mico y cultural en Gipuzkoa.<\/p>\n<p><strong>Tres vectores estrat\u00e9gicos de crecimiento<\/strong><\/p>\n<p><strong>\u00a0<\/strong>Los extraordinarios resultados de 2025 se sustentan en tres grandes vectores estrat\u00e9gicos de ambas sedes. En primer lugar, el excelente comportamiento de los <strong>dos segmentos clave del Kursaal<\/strong>. El \u00e1rea de <strong>Cultura<\/strong> ha alcanzado su m\u00e1xima actividad hist\u00f3rica, con <strong>162 espect\u00e1culos<\/strong> y un incremento del <strong>14,3% en facturaci\u00f3n<\/strong> respecto al a\u00f1o anterior. Por su parte, el segmento de <strong>Congresos<\/strong> ha logrado su mayor facturaci\u00f3n hasta la fecha, con un aumento del <strong>40,2% respecto a 2024<\/strong>, impulsado por la captaci\u00f3n de congresos de mayor dimensi\u00f3n y duraci\u00f3n.<\/p>\n<p>En segundo lugar, se ha reforzado la fidelizaci\u00f3n mediante el desarrollo del <strong>Servicio asociado a los eventos<\/strong>, cuya comercializaci\u00f3n ha crecido un <strong>24,5% en el Kursaal<\/strong> y un <strong>19,8% en Miramar<\/strong>, aportando mayor valor a\u00f1adido a organizadores y promotores.<\/p>\n<p>El tercer vector ha sido el s\u00f3lido comportamiento del <strong>Palacio Miramar<\/strong>, que ha registrado un crecimiento del <strong>19,4% en facturaci\u00f3n total respecto a 2024<\/strong>, incluso en un contexto marcado por obras de rehabilitaci\u00f3n, consolidando adem\u00e1s su super\u00e1vit de tesorer\u00eda.<\/p>\n<p>El crecimiento econ\u00f3mico se ha logrado, adem\u00e1s, manteniendo la eficiencia y la excelencia en la atenci\u00f3n al cliente. La <strong>satisfacci\u00f3n de los clientes<\/strong> se mantiene en niveles m\u00e1ximos, con una valoraci\u00f3n media ponderada de <strong>8,8<\/strong> sobre 10, reflejando as\u00ed el firme compromiso con la calidad y el servicio.<\/p>\n<p>La sociedad Kursaal igualmente, con un <strong>amplio respaldo ciudadano<\/strong>, reflejado en el \u00faltimo estudio de notoriedad realizado: el <strong>83% de la poblaci\u00f3n guipuzcoana ha asistido a alg\u00fan evento<\/strong> en Kursaal, y la valoraci\u00f3n de su actividad mejora hasta situarse en <strong>4,5 sobre 5<\/strong>, lo que confirma el s\u00f3lido arraigo social y la relevancia para la ciudadan\u00eda.<\/p>\n<p><strong>Kursaal: 311 eventos y m\u00e1s de 400 mil asistentes<\/strong><\/p>\n<p>2025 ha estado marcado por una intensa actividad en el Kursaal, con 311 eventos y 400.548 asistentes, lo que ha permitido alcanzar un nuevo r\u00e9cord de volumen de negocio, superior al de 2024.<\/p>\n<p><strong>\u00a0<\/strong>La <strong>cultura<\/strong> sigue siendo un pilar fundamental de la actividad del palacio. A lo largo del a\u00f1o, se han celebrado un total de <strong>162 espect\u00e1culos<\/strong> culturales, que han reunido a <strong>275.799 asistentes<\/strong>, consolidando al Kursaal como un referente en la oferta cultural de la ciudad y del territorio.<\/p>\n<p><strong>Kursaal Eszena<\/strong>, la programaci\u00f3n propia del Kursaal y una de sus apuestas m\u00e1s firmes por la calidad art\u00edstica, ha ofrecido <strong>20 espect\u00e1culos<\/strong> que han atra\u00eddo a <strong>20.090 asistentes<\/strong>. La propuesta ha combinado m\u00fasica popular, cl\u00e1sica y danza para todos los p\u00fablicos, reuniendo grandes nombres como <strong>The Waterboys y Paloma San Basilio<\/strong> junto al talento emergente de <strong>Guitarricadelafuente <\/strong>y<strong> Juanjo Bona<\/strong>. En el \u00e1mbito de la cl\u00e1sica y la danza han destacado la <strong>Orchestre des Champs-\u00c9lys\u00e9es<\/strong> dirigida por <strong>Philippe Herreweghe<\/strong>, el pianista <strong>Mikhail Pletnev<\/strong>, <strong>Les Arts Florissants junto con la Compagnie K\u00e4fig<\/strong> y la <strong>Martha Graham Dance Company<\/strong>. La temporada culmin\u00f3 con el Oratorio de Navidad interpretado por<strong> Il Gardellino y el Cor de Cambra del Palau de la M\u00fasica Catalana<\/strong>, reafirmando el compromiso del Kursaal con propuestas de alto valor art\u00edstico y proyecci\u00f3n cultural para la ciudadan\u00eda.<\/p>\n<p>Los <strong>promotores privados<\/strong> que programan en los escenarios del Kursaal acercaron tambi\u00e9n propuestas de renombre. Entre ellos destacan <strong>Manolo Garc\u00eda, Sara Baras, Ara Malikian<\/strong>, <strong>Celtas Cortos<\/strong>, el ilusionista <strong>Jorge Blas, Mikel Erentxun<\/strong> con su gira homenaje a <strong>Duncan Dhu<\/strong>, <strong>Ana Bel\u00e9n, Morgan<\/strong> o <strong>James Rhodes<\/strong>. La oferta de humor tambi\u00e9n tuvo un papel destacado, con actuaciones de <strong>Galder Varas, Luis Zahera, Pantomima Full y David Cepo<\/strong>, entre otros.<\/p>\n<p>Adem\u00e1s, como cada a\u00f1o, a esta programaci\u00f3n se suman los espect\u00e1culos de la temporada de abono de <strong>Euskadiko Orkestra<\/strong>, los conciertos del <strong>Orfe\u00f3n Donostiarra<\/strong>, la <strong>Quincena Musical<\/strong> y el <strong>Jazzaldia<\/strong>, as\u00ed como las proyecciones cinematogr\u00e1ficas del <strong>Zinemaldia<\/strong>, reafirmando al Kursaal como un epicentro cultural del territorio.<\/p>\n<p><strong>\u00a0<\/strong><strong>Un a\u00f1o congresual excepcional<\/strong><\/p>\n<p><strong>\u00a0<\/strong>En este contexto de excelentes datos de actividad con los que se cierra el \u00faltimo ejercicio, Kursaal acogi\u00f3 <strong>149 eventos congresuales y de reuniones<\/strong>, que congregaron a <strong>124.749<\/strong><strong> asistentes <\/strong>de distintos sectores profesionales.<\/p>\n<p>El Palacio Miramar ha mantenido igualmente un elevado nivel de actividad con la celebraci\u00f3n de <strong>200 eventos a lo largo del a\u00f1o y cerca de 20.000 asistentes<\/strong>, consolidando su posici\u00f3n como un espacio clave para encuentros profesionales y sociales.<\/p>\n<p>El a\u00f1o estuvo marcado por la acogida de congresos de gran envergadura, de mayor duraci\u00f3n y dimensi\u00f3n, muchos de ellos de car\u00e1cter internacional, consolidando al Kursaal y al Palacio Miramar como sedes referentes en el \u00e1mbito congresual. Entre ellos destacan congresos m\u00e9dicos de referencia como el <strong>Congreso AEA \/ SEROD 2025<\/strong>, el <strong>XXXII Congreso Nacional SEAP-IAP<\/strong> o el <strong>XXIII Congreso FAME<\/strong>, junto a destacadas citas cient\u00edficas y tecnol\u00f3gicas como el <strong>Graphene Conference 2025<\/strong>, con la participaci\u00f3n del Premio Nobel <strong>Konstantin Novoselov<\/strong>, <strong>AI4AM<\/strong> o <strong>GOLD 2025 Conference<\/strong>. En el plano internacional, encuentros como el <strong>International Symposium on Bilingualism 2025<\/strong> o <strong>FEICA European Adhesive and Sealant Conference 2025<\/strong> han reforzado la proyecci\u00f3n global del destino.<\/p>\n<p>Junto a los congresos, el a\u00f1o ha estado marcado por convenciones y reuniones corporativas de sectores estrat\u00e9gicos \u2014finanzas, consumo e IT\u2014 con la participaci\u00f3n de compa\u00f1\u00edas como <strong>Laboral Kutxa<\/strong>, <strong>Kutxabank<\/strong>, <strong>Angulas Aguinaga<\/strong>, <strong>Arrow Electronics<\/strong> o <strong>Straumann Group<\/strong>. Asimismo, Kursaal ha vuelto a ser sede de grandes citas culturales y creativas como <strong>Dantz Network Congress<\/strong>, el D\u00eda C del<strong> Club de la Creatividad<\/strong>, <strong>San Sebasti\u00e1n Gastronomika<\/strong> y el <strong>Festival Internacional de Cine de San Sebasti\u00e1n<\/strong>, ampliando el impacto econ\u00f3mico y social de su actividad sobre el territorio. Sin olvidar la extensa programaci\u00f3n de los <strong>Cursos de Verano<\/strong>, cuya actividad principal se desarrolla en su sede del Palacio Miramar.<\/p>\n<p><strong>Inversi\u00f3n para mantener la competitividad y mirada al futuro<\/strong><\/p>\n<p><strong>\u00a0<\/strong>La positiva coyuntura ha permitido desplegar un relevante plan de inversi\u00f3n orientado a mantener la competitividad de ambas infraestructuras. En <strong>2025 se han invertido 4,4 millones<\/strong> de euros, y est\u00e1 prevista una <strong>inversi\u00f3n adicional de 2,2 millones en 2026<\/strong>.<\/p>\n<p>Estas inversiones permitir\u00e1n iniciar la tercera fase de la rehabilitaci\u00f3n del Palacio Miramar y en Kursaal, culminar la renovaci\u00f3n de las butacas del auditorio (zona C), actualizar el equipamiento de iluminaci\u00f3n esc\u00e9nica, sustituir una de las enfriadoras \u2014una de las m\u00e1quinas principales de producci\u00f3n de fr\u00edo para el aire acondicionado\u2014, as\u00ed como avanzar en la digitalizaci\u00f3n de los procesos internos.<\/p>\n<p>En l\u00ednea con el compromiso con una gesti\u00f3n responsable y transparente, el Consejo de Administraci\u00f3n ha aprobado el <strong>Plan de Sostenibilidad 2024-2027<\/strong>, alineado con los Objetivos de Desarrollo Sostenible (ODS), y la sociedad ha publicado su primera <strong>Memoria de Sostenibilidad<\/strong>, que recoge de forma integral la sostenibilidad ambiental, social y el modelo de gobernanza de la organizaci\u00f3n.<\/p>\n<p>En el \u00e1mbito ambiental, avanzamos con criterios de eficiencia, seguridad y control a trav\u00e9s de nuestro sistema de gesti\u00f3n certificado conforme a la norma ISO 14001:2015 desde 2007, impulsando la eficiencia energ\u00e9tica, la gesti\u00f3n responsable del agua y de los residuos y la reducci\u00f3n de nuestra huella ambiental. En el plano social, reforzamos nuestro papel activo en la comunidad, facilitando el acceso a la cultura y promoviendo la divulgaci\u00f3n del conocimiento, generando un impacto positivo en el entorno. Igualmente, los congresos y encuentros profesionales contribuyen a dejar un legado en la ciudad y para la ciudadan\u00eda, acercando contenidos y experiencias a trav\u00e9s de jornadas de puertas abiertas y reforzando el dinamismo cultural y social del territorio. En materia de gobernanza, la Memoria pone el foco en la sostenibilidad econ\u00f3mica y la innovaci\u00f3n como pilares que garantizan la solidez y la proyecci\u00f3n futura de la organizaci\u00f3n.<\/p>\n<p>&nbsp;<\/p>\n","protected":false},"excerpt":{"rendered":"<p>Kursaal y el Palacio Miramar crecen con fuerza con un aumento del 17,7% en ingresos La Sociedad Kursaal ha presentado esta ma\u00f1ana el balance de 2025 que se consolida como un a\u00f1o hist\u00f3rico para el [&hellip;]<\/p>\n","protected":false},"author":10000097,"featured_media":102703,"comment_status":"closed","ping_status":"closed","sticky":false,"template":"","format":"video","meta":{"_acf_changed":false,"footnotes":""},"categories":[1],"tags":[],"class_list":["post-102692","post","type-post","status-publish","format-video","has-post-thumbnail","hentry","category-actualidad","post_format-post-format-video"],"acf":[],"yoast_head":"<!-- This site is optimized with the Yoast SEO plugin v27.0 - https:\/\/yoast.com\/product\/yoast-seo-wordpress\/ -->\n<title>Kursaal cierra 2025 con resultados excepcionales - Kursaal Donostia - San Sebasti\u00e1n<\/title>\n<meta name=\"robots\" content=\"index, follow, max-snippet:-1, max-image-preview:large, max-video-preview:-1\" \/>\n<link rel=\"canonical\" href=\"https:\/\/www.kursaal.eus\/es\/2026\/02\/kursaal-cierra-2025-con-resultados-excepcionales\/\" \/>\n<meta property=\"og:locale\" content=\"es_ES\" \/>\n<meta property=\"og:type\" content=\"article\" \/>\n<meta property=\"og:title\" content=\"Kursaal cierra 2025 con resultados excepcionales - Kursaal Donostia - San Sebasti\u00e1n\" \/>\n<meta property=\"og:description\" content=\"Kursaal y el Palacio Miramar crecen con fuerza con un aumento del 17,7% en ingresos La Sociedad Kursaal ha presentado esta ma\u00f1ana el balance de 2025 que se consolida como un a\u00f1o hist\u00f3rico para el [&hellip;]\" \/>\n<meta property=\"og:url\" content=\"https:\/\/www.kursaal.eus\/es\/2026\/02\/kursaal-cierra-2025-con-resultados-excepcionales\/\" \/>\n<meta property=\"og:site_name\" content=\"Kursaal Donostia - San Sebasti\u00e1n\" \/>\n<meta property=\"article:publisher\" content=\"https:\/\/www.facebook.com\/KursaalPalaciodeCongresosBiltzarJauregia\" \/>\n<meta property=\"article:published_time\" content=\"2026-02-19T14:16:42+00:00\" \/>\n<meta property=\"article:modified_time\" content=\"2026-02-20T12:17:00+00:00\" \/>\n<meta property=\"og:image\" content=\"https:\/\/www.kursaal.eus\/wp-content\/uploads\/2026\/02\/Balance_Kursaal2.jpg\" \/>\n\t<meta property=\"og:image:width\" content=\"1900\" \/>\n\t<meta property=\"og:image:height\" content=\"1267\" \/>\n\t<meta property=\"og:image:type\" content=\"image\/jpeg\" \/>\n<meta name=\"author\" content=\"comunicacion\" \/>\n<meta name=\"twitter:label1\" content=\"Escrito por\" \/>\n\t<meta name=\"twitter:data1\" content=\"comunicacion\" \/>\n\t<meta name=\"twitter:label2\" content=\"Tiempo de lectura\" \/>\n\t<meta name=\"twitter:data2\" content=\"7 minutos\" \/>\n<script type=\"application\/ld+json\" class=\"yoast-schema-graph\">{\"@context\":\"https:\/\/schema.org\",\"@graph\":[{\"@type\":\"Article\",\"@id\":\"https:\/\/www.kursaal.eus\/es\/2026\/02\/kursaal-cierra-2025-con-resultados-excepcionales\/#article\",\"isPartOf\":{\"@id\":\"https:\/\/www.kursaal.eus\/es\/2026\/02\/kursaal-cierra-2025-con-resultados-excepcionales\/\"},\"author\":{\"name\":\"comunicacion\",\"@id\":\"https:\/\/www.kursaal.eus\/es\/#\/schema\/person\/b8c28e02584a8e9fdcbf64ff9acd5053\"},\"headline\":\"Kursaal cierra 2025 con resultados excepcionales\",\"datePublished\":\"2026-02-19T14:16:42+00:00\",\"dateModified\":\"2026-02-20T12:17:00+00:00\",\"mainEntityOfPage\":{\"@id\":\"https:\/\/www.kursaal.eus\/es\/2026\/02\/kursaal-cierra-2025-con-resultados-excepcionales\/\"},\"wordCount\":1532,\"image\":{\"@id\":\"https:\/\/www.kursaal.eus\/es\/2026\/02\/kursaal-cierra-2025-con-resultados-excepcionales\/#primaryimage\"},\"thumbnailUrl\":\"https:\/\/www.kursaal.eus\/wp-content\/uploads\/2026\/02\/Balance_Kursaal2.jpg\",\"articleSection\":[\"Actualidad\"],\"inLanguage\":\"es\"},{\"@type\":\"WebPage\",\"@id\":\"https:\/\/www.kursaal.eus\/es\/2026\/02\/kursaal-cierra-2025-con-resultados-excepcionales\/\",\"url\":\"https:\/\/www.kursaal.eus\/es\/2026\/02\/kursaal-cierra-2025-con-resultados-excepcionales\/\",\"name\":\"Kursaal cierra 2025 con resultados excepcionales - Kursaal Donostia - San Sebasti\u00e1n\",\"isPartOf\":{\"@id\":\"https:\/\/www.kursaal.eus\/es\/#website\"},\"primaryImageOfPage\":{\"@id\":\"https:\/\/www.kursaal.eus\/es\/2026\/02\/kursaal-cierra-2025-con-resultados-excepcionales\/#primaryimage\"},\"image\":{\"@id\":\"https:\/\/www.kursaal.eus\/es\/2026\/02\/kursaal-cierra-2025-con-resultados-excepcionales\/#primaryimage\"},\"thumbnailUrl\":\"https:\/\/www.kursaal.eus\/wp-content\/uploads\/2026\/02\/Balance_Kursaal2.jpg\",\"datePublished\":\"2026-02-19T14:16:42+00:00\",\"dateModified\":\"2026-02-20T12:17:00+00:00\",\"author\":{\"@id\":\"https:\/\/www.kursaal.eus\/es\/#\/schema\/person\/b8c28e02584a8e9fdcbf64ff9acd5053\"},\"inLanguage\":\"es\",\"potentialAction\":[{\"@type\":\"ReadAction\",\"target\":[\"https:\/\/www.kursaal.eus\/es\/2026\/02\/kursaal-cierra-2025-con-resultados-excepcionales\/\"]}]},{\"@type\":\"ImageObject\",\"inLanguage\":\"es\",\"@id\":\"https:\/\/www.kursaal.eus\/es\/2026\/02\/kursaal-cierra-2025-con-resultados-excepcionales\/#primaryimage\",\"url\":\"https:\/\/www.kursaal.eus\/wp-content\/uploads\/2026\/02\/Balance_Kursaal2.jpg\",\"contentUrl\":\"https:\/\/www.kursaal.eus\/wp-content\/uploads\/2026\/02\/Balance_Kursaal2.jpg\",\"width\":1900,\"height\":1267},{\"@type\":\"WebSite\",\"@id\":\"https:\/\/www.kursaal.eus\/es\/#website\",\"url\":\"https:\/\/www.kursaal.eus\/es\/\",\"name\":\"Kursaal Donostia - San Sebasti\u00e1n\",\"description\":\"Palacio de Congresos y Auditorio\",\"potentialAction\":[{\"@type\":\"SearchAction\",\"target\":{\"@type\":\"EntryPoint\",\"urlTemplate\":\"https:\/\/www.kursaal.eus\/es\/?s={search_term_string}\"},\"query-input\":{\"@type\":\"PropertyValueSpecification\",\"valueRequired\":true,\"valueName\":\"search_term_string\"}}],\"inLanguage\":\"es\"},{\"@type\":\"Person\",\"@id\":\"https:\/\/www.kursaal.eus\/es\/#\/schema\/person\/b8c28e02584a8e9fdcbf64ff9acd5053\",\"name\":\"comunicacion\",\"image\":{\"@type\":\"ImageObject\",\"inLanguage\":\"es\",\"@id\":\"https:\/\/www.kursaal.eus\/es\/#\/schema\/person\/image\/\",\"url\":\"https:\/\/secure.gravatar.com\/avatar\/05dbd93060e242fcd0a0aae159412e2e61b5bda978f63039debb356bb03ab841?s=96&d=mm&r=g\",\"contentUrl\":\"https:\/\/secure.gravatar.com\/avatar\/05dbd93060e242fcd0a0aae159412e2e61b5bda978f63039debb356bb03ab841?s=96&d=mm&r=g\",\"caption\":\"comunicacion\"},\"url\":\"https:\/\/www.kursaal.eus\/es\/author\/comunicacion\/\"}]}<\/script>\n<!-- \/ Yoast SEO plugin. -->","yoast_head_json":{"title":"Kursaal cierra 2025 con resultados excepcionales - Kursaal Donostia - San Sebasti\u00e1n","robots":{"index":"index","follow":"follow","max-snippet":"max-snippet:-1","max-image-preview":"max-image-preview:large","max-video-preview":"max-video-preview:-1"},"canonical":"https:\/\/www.kursaal.eus\/es\/2026\/02\/kursaal-cierra-2025-con-resultados-excepcionales\/","og_locale":"es_ES","og_type":"article","og_title":"Kursaal cierra 2025 con resultados excepcionales - Kursaal Donostia - San Sebasti\u00e1n","og_description":"Kursaal y el Palacio Miramar crecen con fuerza con un aumento del 17,7% en ingresos La Sociedad Kursaal ha presentado esta ma\u00f1ana el balance de 2025 que se consolida como un a\u00f1o hist\u00f3rico para el [&hellip;]","og_url":"https:\/\/www.kursaal.eus\/es\/2026\/02\/kursaal-cierra-2025-con-resultados-excepcionales\/","og_site_name":"Kursaal Donostia - San Sebasti\u00e1n","article_publisher":"https:\/\/www.facebook.com\/KursaalPalaciodeCongresosBiltzarJauregia","article_published_time":"2026-02-19T14:16:42+00:00","article_modified_time":"2026-02-20T12:17:00+00:00","og_image":[{"width":1900,"height":1267,"url":"https:\/\/www.kursaal.eus\/wp-content\/uploads\/2026\/02\/Balance_Kursaal2.jpg","type":"image\/jpeg"}],"author":"comunicacion","twitter_misc":{"Escrito por":"comunicacion","Tiempo de lectura":"7 minutos"},"schema":{"@context":"https:\/\/schema.org","@graph":[{"@type":"Article","@id":"https:\/\/www.kursaal.eus\/es\/2026\/02\/kursaal-cierra-2025-con-resultados-excepcionales\/#article","isPartOf":{"@id":"https:\/\/www.kursaal.eus\/es\/2026\/02\/kursaal-cierra-2025-con-resultados-excepcionales\/"},"author":{"name":"comunicacion","@id":"https:\/\/www.kursaal.eus\/es\/#\/schema\/person\/b8c28e02584a8e9fdcbf64ff9acd5053"},"headline":"Kursaal cierra 2025 con resultados excepcionales","datePublished":"2026-02-19T14:16:42+00:00","dateModified":"2026-02-20T12:17:00+00:00","mainEntityOfPage":{"@id":"https:\/\/www.kursaal.eus\/es\/2026\/02\/kursaal-cierra-2025-con-resultados-excepcionales\/"},"wordCount":1532,"image":{"@id":"https:\/\/www.kursaal.eus\/es\/2026\/02\/kursaal-cierra-2025-con-resultados-excepcionales\/#primaryimage"},"thumbnailUrl":"https:\/\/www.kursaal.eus\/wp-content\/uploads\/2026\/02\/Balance_Kursaal2.jpg","articleSection":["Actualidad"],"inLanguage":"es"},{"@type":"WebPage","@id":"https:\/\/www.kursaal.eus\/es\/2026\/02\/kursaal-cierra-2025-con-resultados-excepcionales\/","url":"https:\/\/www.kursaal.eus\/es\/2026\/02\/kursaal-cierra-2025-con-resultados-excepcionales\/","name":"Kursaal cierra 2025 con resultados excepcionales - Kursaal Donostia - San Sebasti\u00e1n","isPartOf":{"@id":"https:\/\/www.kursaal.eus\/es\/#website"},"primaryImageOfPage":{"@id":"https:\/\/www.kursaal.eus\/es\/2026\/02\/kursaal-cierra-2025-con-resultados-excepcionales\/#primaryimage"},"image":{"@id":"https:\/\/www.kursaal.eus\/es\/2026\/02\/kursaal-cierra-2025-con-resultados-excepcionales\/#primaryimage"},"thumbnailUrl":"https:\/\/www.kursaal.eus\/wp-content\/uploads\/2026\/02\/Balance_Kursaal2.jpg","datePublished":"2026-02-19T14:16:42+00:00","dateModified":"2026-02-20T12:17:00+00:00","author":{"@id":"https:\/\/www.kursaal.eus\/es\/#\/schema\/person\/b8c28e02584a8e9fdcbf64ff9acd5053"},"inLanguage":"es","potentialAction":[{"@type":"ReadAction","target":["https:\/\/www.kursaal.eus\/es\/2026\/02\/kursaal-cierra-2025-con-resultados-excepcionales\/"]}]},{"@type":"ImageObject","inLanguage":"es","@id":"https:\/\/www.kursaal.eus\/es\/2026\/02\/kursaal-cierra-2025-con-resultados-excepcionales\/#primaryimage","url":"https:\/\/www.kursaal.eus\/wp-content\/uploads\/2026\/02\/Balance_Kursaal2.jpg","contentUrl":"https:\/\/www.kursaal.eus\/wp-content\/uploads\/2026\/02\/Balance_Kursaal2.jpg","width":1900,"height":1267},{"@type":"WebSite","@id":"https:\/\/www.kursaal.eus\/es\/#website","url":"https:\/\/www.kursaal.eus\/es\/","name":"Kursaal Donostia - San Sebasti\u00e1n","description":"Palacio de Congresos y Auditorio","potentialAction":[{"@type":"SearchAction","target":{"@type":"EntryPoint","urlTemplate":"https:\/\/www.kursaal.eus\/es\/?s={search_term_string}"},"query-input":{"@type":"PropertyValueSpecification","valueRequired":true,"valueName":"search_term_string"}}],"inLanguage":"es"},{"@type":"Person","@id":"https:\/\/www.kursaal.eus\/es\/#\/schema\/person\/b8c28e02584a8e9fdcbf64ff9acd5053","name":"comunicacion","image":{"@type":"ImageObject","inLanguage":"es","@id":"https:\/\/www.kursaal.eus\/es\/#\/schema\/person\/image\/","url":"https:\/\/secure.gravatar.com\/avatar\/05dbd93060e242fcd0a0aae159412e2e61b5bda978f63039debb356bb03ab841?s=96&d=mm&r=g","contentUrl":"https:\/\/secure.gravatar.com\/avatar\/05dbd93060e242fcd0a0aae159412e2e61b5bda978f63039debb356bb03ab841?s=96&d=mm&r=g","caption":"comunicacion"},"url":"https:\/\/www.kursaal.eus\/es\/author\/comunicacion\/"}]}},"_links":{"self":[{"href":"https:\/\/www.kursaal.eus\/es\/wp-json\/wp\/v2\/posts\/102692","targetHints":{"allow":["GET"]}}],"collection":[{"href":"https:\/\/www.kursaal.eus\/es\/wp-json\/wp\/v2\/posts"}],"about":[{"href":"https:\/\/www.kursaal.eus\/es\/wp-json\/wp\/v2\/types\/post"}],"author":[{"embeddable":true,"href":"https:\/\/www.kursaal.eus\/es\/wp-json\/wp\/v2\/users\/10000097"}],"replies":[{"embeddable":true,"href":"https:\/\/www.kursaal.eus\/es\/wp-json\/wp\/v2\/comments?post=102692"}],"version-history":[{"count":2,"href":"https:\/\/www.kursaal.eus\/es\/wp-json\/wp\/v2\/posts\/102692\/revisions"}],"predecessor-version":[{"id":102697,"href":"https:\/\/www.kursaal.eus\/es\/wp-json\/wp\/v2\/posts\/102692\/revisions\/102697"}],"wp:featuredmedia":[{"embeddable":true,"href":"https:\/\/www.kursaal.eus\/es\/wp-json\/wp\/v2\/media\/102703"}],"wp:attachment":[{"href":"https:\/\/www.kursaal.eus\/es\/wp-json\/wp\/v2\/media?parent=102692"}],"wp:term":[{"taxonomy":"category","embeddable":true,"href":"https:\/\/www.kursaal.eus\/es\/wp-json\/wp\/v2\/categories?post=102692"},{"taxonomy":"post_tag","embeddable":true,"href":"https:\/\/www.kursaal.eus\/es\/wp-json\/wp\/v2\/tags?post=102692"}],"curies":[{"name":"wp","href":"https:\/\/api.w.org\/{rel}","templated":true}]}}