{"id":92596,"date":"2024-12-02T13:39:42","date_gmt":"2024-12-02T13:39:42","guid":{"rendered":"https:\/\/www.kursaal.eus\/?p=92596"},"modified":"2024-12-02T13:41:04","modified_gmt":"2024-12-02T13:41:04","slug":"izaro-estrena-en-dos-conciertos-especiales-en-kursaal-eszena-su-disco-navideno-izaro-gabonetan","status":"publish","type":"post","link":"https:\/\/www.kursaal.eus\/en\/2024\/12\/izaro-estrena-en-dos-conciertos-especiales-en-kursaal-eszena-su-disco-navideno-izaro-gabonetan\/","title":{"rendered":"Izaro estrena en dos conciertos especiales en Kursaal Eszena su disco navide\u00f1o  \u201cIzaro gabonetan\u201d"},"content":{"rendered":"<ul>\n<li><strong>Los d\u00edas 22 y 23 de diciembre estrena en vivo este nuevo trabajo compuesto por 8 temas propios con los que la artista se sumerge en el cancionero y el imaginario navide\u00f1o.<\/strong><\/li>\n<\/ul>\n<ul>\n<li><strong>Las entradas para estos conciertos se pueden adquirir en kursaal.eus y en las taquillas del Kursaal, con un 10% de descuento para Eszena Kides. <\/strong><\/li>\n<\/ul>\n<p><strong>Izaro <\/strong>abri\u00f3 2024 para <strong>Kursaal Eszena<\/strong> con la presentaci\u00f3n en directo de su \u00e1lbum \u201ccerodenero\u201d en sendos conciertos para los que se agotaron las entradas; ahora, doce meses despu\u00e9s, regresa al escenario del Auditorio Kursaal para cerrar el a\u00f1o de Kursaal Eszena con el estreno en directo de un trabajo muy especial para ella, <strong>\u201cIzaro gabonetan\u201d<\/strong>. La doble cita ser\u00e1 el <strong>domingo 22 de diciembre<\/strong> (19:00h) y el <strong>lunes 23<\/strong> (19:30h).\u00a0 Las <strong>entradas<\/strong> para este concierto se pueden adquirir en kursaal.eus y en las taquillas del Kursaal, con un 10% de descuento para Eszena Kides.<\/p>\n<p><strong>\u201cIzaro Gabonetan\u201d<\/strong> es un disco lleno de color, amistad, ilusi\u00f3n, misterio y amor. A Izaro le encanta la Navidad (de hecho, en su casa pone el \u00e1rbol y la decoraci\u00f3n navide\u00f1a desde el 1 de noviembre) y ese amor por estas fiestas le ha llevado a crear un disco donde fusiona la sonoridad de la m\u00fasica navide\u00f1a del pop internacional con la tradici\u00f3n y el imaginario de la navidad vasca. En \u00e9l recopila toda una colecci\u00f3n de conceptos y temas relacionados con estas fechas: la Nochebuena, Olentzero y Mari Domingi, los trineos en la nieve, la gente que falta, el brillo del humor, la misticidad de las tradiciones, el agua, y el deseo supremo para el a\u00f1o nuevo de la paz para el mundo.<\/p>\n<p>El estreno en directo de este disco grabado en Gaztain Estudioa, con E\u00f1aut Gazta\u00f1aga, tendr\u00e1 lugar dentro de la programaci\u00f3n de Kursaal Eszena, en dos conciertos especiales, diferentes, en los que a la cantante de Mallabia acompa\u00f1ar\u00e1 su banda habitual:\u00a0 <strong>Garazi Esnaola, Iker Lauroba, Julen Barandiaran y Mattin Arbelaitz.<\/strong><\/p>\n<p>En cuanto a los ocho temas que conforman este proyecto, <strong>\u201cGure gabon gaua\u201d<\/strong> fue su primer adelanto, y es el tema que abre el disco; se trata de una reuni\u00f3n de miembros de su equipo celebrando la vida y el poder estar juntas y deriva de una sensaci\u00f3n recurrente de Izaro de quedarse embobada mirando a su equipo trabajar, re\u00edr, hablar, estar\u2026 para Izaro eso representa el esp\u00edritu de la Navidad. <strong>\u201cOlentzero\u201d<\/strong>, presentado a finales de noviembre, desborda la ilusi\u00f3n, la emoci\u00f3n, la fantas\u00eda&#8230; convirti\u00e9ndose en un bodeg\u00f3n con vida en el que participan los payasos de su infancia, Pirritx, Porrotx eta Marimotots, una canci\u00f3n con mucha ra\u00edz, kalejira, alegr\u00eda, alboroto, identidad y comunidad. En <strong>\u201cHartu lerak maldan bera\u201d<\/strong> las campanillas nos traen la nieve e Izaro se lanza en el trineo m\u00e1s divertido y navide\u00f1o. En <strong>\u201cElurra\u201d<\/strong> baja la velocidad, y con ambientaci\u00f3n electr\u00f3nica casi como un gui\u00f1o a su reciente \u201ccerodenero\u201d, con teclados y coros solemnes, trata de entenderc\u00f3mo cantan las ventiscas. <strong>\u201cFalta zarenetik\u201d<\/strong> es el momento m\u00e1s emocionante, ese recuerdo a los que se han ido, donde vuelve a cantar en el susurro. <strong>\u201cDir dir\u201d<\/strong> es puro swing navide\u00f1o, donde el piano y la guitarra se desenfrenan apoyados en un esp\u00edritu gospel y Mari Domingi. <strong>\u201cUra eskutik eskura\u201d<\/strong> es una visi\u00f3n contempor\u00e1nea de las canciones que se cantaban y se cantan puerta a puerta; intensa, tradicional, huele a hogar y a paso del tiempo y bebe de la tradici\u00f3n del agua nueva, la que inicia el ciclo, la que abre camino. Finalmente, <strong>&#8220;Urte berri on\u201d<\/strong> es casi como una nana, una oraci\u00f3n com\u00fan por la paz en el mundo y por la dignidad de la vida.<\/p>\n<p><strong>IZARO, \u201cIzaro gabonetan\u201d. 22 diciembre, 19:00 \/ 23 diciembre, 19:30. Auditorio Kursaal. 40 \u20ac<\/strong><\/p>\n","protected":false},"excerpt":{"rendered":"<p>Los d\u00edas 22 y 23 de diciembre estrena en vivo este nuevo trabajo compuesto por 8 temas propios con los que la artista se sumerge en el cancionero y el imaginario navide\u00f1o. Las entradas para [&hellip;]<\/p>\n","protected":false},"author":4,"featured_media":92594,"comment_status":"closed","ping_status":"closed","sticky":false,"template":"","format":"standard","meta":{"_acf_changed":false,"footnotes":""},"categories":[1],"tags":[],"class_list":["post-92596","post","type-post","status-publish","format-standard","has-post-thumbnail","hentry","category-actualidad"],"acf":[],"yoast_head":"<!-- This site is optimized with the Yoast SEO plugin v27.0 - https:\/\/yoast.com\/product\/yoast-seo-wordpress\/ -->\n<title>Izaro estrena en dos conciertos especiales en Kursaal Eszena su disco navide\u00f1o \u201cIzaro gabonetan\u201d - Kursaal Donostia - San Sebasti\u00e1n<\/title>\n<meta name=\"robots\" content=\"index, follow, max-snippet:-1, max-image-preview:large, max-video-preview:-1\" \/>\n<link rel=\"canonical\" href=\"https:\/\/www.kursaal.eus\/es\/2024\/12\/izaro-estrena-en-dos-conciertos-especiales-en-kursaal-eszena-su-disco-navideno-izaro-gabonetan\/\" \/>\n<meta property=\"og:locale\" content=\"en_US\" \/>\n<meta property=\"og:type\" content=\"article\" \/>\n<meta property=\"og:title\" content=\"Izaro estrena en dos conciertos especiales en Kursaal Eszena su disco navide\u00f1o \u201cIzaro gabonetan\u201d - Kursaal Donostia - San Sebasti\u00e1n\" \/>\n<meta property=\"og:description\" content=\"Los d\u00edas 22 y 23 de diciembre estrena en vivo este nuevo trabajo compuesto por 8 temas propios con los que la artista se sumerge en el cancionero y el imaginario navide\u00f1o. Las entradas para [&hellip;]\" \/>\n<meta property=\"og:url\" content=\"https:\/\/www.kursaal.eus\/es\/2024\/12\/izaro-estrena-en-dos-conciertos-especiales-en-kursaal-eszena-su-disco-navideno-izaro-gabonetan\/\" \/>\n<meta property=\"og:site_name\" content=\"Kursaal Donostia - San Sebasti\u00e1n\" \/>\n<meta property=\"article:publisher\" content=\"https:\/\/www.facebook.com\/KursaalPalaciodeCongresosBiltzarJauregia\" \/>\n<meta property=\"article:published_time\" content=\"2024-12-02T13:39:42+00:00\" \/>\n<meta property=\"article:modified_time\" content=\"2024-12-02T13:41:04+00:00\" \/>\n<meta property=\"og:image\" content=\"https:\/\/www.kursaal.eus\/wp-content\/uploads\/2024\/12\/KE2024-2_Izaro_RP.jpg\" \/>\n\t<meta property=\"og:image:width\" content=\"2000\" \/>\n\t<meta property=\"og:image:height\" content=\"1204\" \/>\n\t<meta property=\"og:image:type\" content=\"image\/jpeg\" \/>\n<meta name=\"author\" content=\"itziar_larranaga\" \/>\n<meta name=\"twitter:label1\" content=\"Written by\" \/>\n\t<meta name=\"twitter:data1\" content=\"itziar_larranaga\" \/>\n\t<meta name=\"twitter:label2\" content=\"Est. reading time\" \/>\n\t<meta name=\"twitter:data2\" content=\"4 minutes\" \/>\n<script type=\"application\/ld+json\" class=\"yoast-schema-graph\">{\"@context\":\"https:\/\/schema.org\",\"@graph\":[{\"@type\":\"Article\",\"@id\":\"https:\/\/www.kursaal.eus\/es\/2024\/12\/izaro-estrena-en-dos-conciertos-especiales-en-kursaal-eszena-su-disco-navideno-izaro-gabonetan\/#article\",\"isPartOf\":{\"@id\":\"https:\/\/www.kursaal.eus\/es\/2024\/12\/izaro-estrena-en-dos-conciertos-especiales-en-kursaal-eszena-su-disco-navideno-izaro-gabonetan\/\"},\"author\":{\"name\":\"itziar_larranaga\",\"@id\":\"https:\/\/www.kursaal.eus\/es\/#\/schema\/person\/fba65efb8aeb31214b751431353aa2fa\"},\"headline\":\"Izaro estrena en dos conciertos especiales en Kursaal Eszena su disco navide\u00f1o \u201cIzaro gabonetan\u201d\",\"datePublished\":\"2024-12-02T13:39:42+00:00\",\"dateModified\":\"2024-12-02T13:41:04+00:00\",\"mainEntityOfPage\":{\"@id\":\"https:\/\/www.kursaal.eus\/es\/2024\/12\/izaro-estrena-en-dos-conciertos-especiales-en-kursaal-eszena-su-disco-navideno-izaro-gabonetan\/\"},\"wordCount\":661,\"image\":{\"@id\":\"https:\/\/www.kursaal.eus\/es\/2024\/12\/izaro-estrena-en-dos-conciertos-especiales-en-kursaal-eszena-su-disco-navideno-izaro-gabonetan\/#primaryimage\"},\"thumbnailUrl\":\"https:\/\/www.kursaal.eus\/wp-content\/uploads\/2024\/12\/KE2024-2_Izaro_RP.jpg\",\"articleSection\":[\"Actualidad\"],\"inLanguage\":\"en-EN\"},{\"@type\":\"WebPage\",\"@id\":\"https:\/\/www.kursaal.eus\/es\/2024\/12\/izaro-estrena-en-dos-conciertos-especiales-en-kursaal-eszena-su-disco-navideno-izaro-gabonetan\/\",\"url\":\"https:\/\/www.kursaal.eus\/es\/2024\/12\/izaro-estrena-en-dos-conciertos-especiales-en-kursaal-eszena-su-disco-navideno-izaro-gabonetan\/\",\"name\":\"Izaro estrena en dos conciertos especiales en Kursaal Eszena su disco navide\u00f1o \u201cIzaro gabonetan\u201d - Kursaal Donostia - San Sebasti\u00e1n\",\"isPartOf\":{\"@id\":\"https:\/\/www.kursaal.eus\/es\/#website\"},\"primaryImageOfPage\":{\"@id\":\"https:\/\/www.kursaal.eus\/es\/2024\/12\/izaro-estrena-en-dos-conciertos-especiales-en-kursaal-eszena-su-disco-navideno-izaro-gabonetan\/#primaryimage\"},\"image\":{\"@id\":\"https:\/\/www.kursaal.eus\/es\/2024\/12\/izaro-estrena-en-dos-conciertos-especiales-en-kursaal-eszena-su-disco-navideno-izaro-gabonetan\/#primaryimage\"},\"thumbnailUrl\":\"https:\/\/www.kursaal.eus\/wp-content\/uploads\/2024\/12\/KE2024-2_Izaro_RP.jpg\",\"datePublished\":\"2024-12-02T13:39:42+00:00\",\"dateModified\":\"2024-12-02T13:41:04+00:00\",\"author\":{\"@id\":\"https:\/\/www.kursaal.eus\/es\/#\/schema\/person\/fba65efb8aeb31214b751431353aa2fa\"},\"inLanguage\":\"en-EN\",\"potentialAction\":[{\"@type\":\"ReadAction\",\"target\":[\"https:\/\/www.kursaal.eus\/es\/2024\/12\/izaro-estrena-en-dos-conciertos-especiales-en-kursaal-eszena-su-disco-navideno-izaro-gabonetan\/\"]}]},{\"@type\":\"ImageObject\",\"inLanguage\":\"en-EN\",\"@id\":\"https:\/\/www.kursaal.eus\/es\/2024\/12\/izaro-estrena-en-dos-conciertos-especiales-en-kursaal-eszena-su-disco-navideno-izaro-gabonetan\/#primaryimage\",\"url\":\"https:\/\/www.kursaal.eus\/wp-content\/uploads\/2024\/12\/KE2024-2_Izaro_RP.jpg\",\"contentUrl\":\"https:\/\/www.kursaal.eus\/wp-content\/uploads\/2024\/12\/KE2024-2_Izaro_RP.jpg\",\"width\":2000,\"height\":1204},{\"@type\":\"WebSite\",\"@id\":\"https:\/\/www.kursaal.eus\/es\/#website\",\"url\":\"https:\/\/www.kursaal.eus\/es\/\",\"name\":\"Kursaal Donostia - San Sebasti\u00e1n\",\"description\":\"Palacio de Congresos y Auditorio\",\"potentialAction\":[{\"@type\":\"SearchAction\",\"target\":{\"@type\":\"EntryPoint\",\"urlTemplate\":\"https:\/\/www.kursaal.eus\/es\/?s={search_term_string}\"},\"query-input\":{\"@type\":\"PropertyValueSpecification\",\"valueRequired\":true,\"valueName\":\"search_term_string\"}}],\"inLanguage\":\"en-EN\"},{\"@type\":\"Person\",\"@id\":\"https:\/\/www.kursaal.eus\/es\/#\/schema\/person\/fba65efb8aeb31214b751431353aa2fa\",\"name\":\"itziar_larranaga\",\"image\":{\"@type\":\"ImageObject\",\"inLanguage\":\"en-EN\",\"@id\":\"https:\/\/www.kursaal.eus\/es\/#\/schema\/person\/image\/\",\"url\":\"https:\/\/secure.gravatar.com\/avatar\/bb727cdfc19c38a97b67e43c8f3bbfcc12154d5a85d0b063db2d449985d41ab4?s=96&d=mm&r=g\",\"contentUrl\":\"https:\/\/secure.gravatar.com\/avatar\/bb727cdfc19c38a97b67e43c8f3bbfcc12154d5a85d0b063db2d449985d41ab4?s=96&d=mm&r=g\",\"caption\":\"itziar_larranaga\"},\"url\":\"https:\/\/www.kursaal.eus\/en\/author\/auria_etxeandia\/\"}]}<\/script>\n<!-- \/ Yoast SEO plugin. -->","yoast_head_json":{"title":"Izaro estrena en dos conciertos especiales en Kursaal Eszena su disco navide\u00f1o \u201cIzaro gabonetan\u201d - Kursaal Donostia - San Sebasti\u00e1n","robots":{"index":"index","follow":"follow","max-snippet":"max-snippet:-1","max-image-preview":"max-image-preview:large","max-video-preview":"max-video-preview:-1"},"canonical":"https:\/\/www.kursaal.eus\/es\/2024\/12\/izaro-estrena-en-dos-conciertos-especiales-en-kursaal-eszena-su-disco-navideno-izaro-gabonetan\/","og_locale":"en_US","og_type":"article","og_title":"Izaro estrena en dos conciertos especiales en Kursaal Eszena su disco navide\u00f1o \u201cIzaro gabonetan\u201d - Kursaal Donostia - San Sebasti\u00e1n","og_description":"Los d\u00edas 22 y 23 de diciembre estrena en vivo este nuevo trabajo compuesto por 8 temas propios con los que la artista se sumerge en el cancionero y el imaginario navide\u00f1o. Las entradas para [&hellip;]","og_url":"https:\/\/www.kursaal.eus\/es\/2024\/12\/izaro-estrena-en-dos-conciertos-especiales-en-kursaal-eszena-su-disco-navideno-izaro-gabonetan\/","og_site_name":"Kursaal Donostia - San Sebasti\u00e1n","article_publisher":"https:\/\/www.facebook.com\/KursaalPalaciodeCongresosBiltzarJauregia","article_published_time":"2024-12-02T13:39:42+00:00","article_modified_time":"2024-12-02T13:41:04+00:00","og_image":[{"width":2000,"height":1204,"url":"https:\/\/www.kursaal.eus\/wp-content\/uploads\/2024\/12\/KE2024-2_Izaro_RP.jpg","type":"image\/jpeg"}],"author":"itziar_larranaga","twitter_misc":{"Written by":"itziar_larranaga","Est. reading time":"4 minutes"},"schema":{"@context":"https:\/\/schema.org","@graph":[{"@type":"Article","@id":"https:\/\/www.kursaal.eus\/es\/2024\/12\/izaro-estrena-en-dos-conciertos-especiales-en-kursaal-eszena-su-disco-navideno-izaro-gabonetan\/#article","isPartOf":{"@id":"https:\/\/www.kursaal.eus\/es\/2024\/12\/izaro-estrena-en-dos-conciertos-especiales-en-kursaal-eszena-su-disco-navideno-izaro-gabonetan\/"},"author":{"name":"itziar_larranaga","@id":"https:\/\/www.kursaal.eus\/es\/#\/schema\/person\/fba65efb8aeb31214b751431353aa2fa"},"headline":"Izaro estrena en dos conciertos especiales en Kursaal Eszena su disco navide\u00f1o \u201cIzaro gabonetan\u201d","datePublished":"2024-12-02T13:39:42+00:00","dateModified":"2024-12-02T13:41:04+00:00","mainEntityOfPage":{"@id":"https:\/\/www.kursaal.eus\/es\/2024\/12\/izaro-estrena-en-dos-conciertos-especiales-en-kursaal-eszena-su-disco-navideno-izaro-gabonetan\/"},"wordCount":661,"image":{"@id":"https:\/\/www.kursaal.eus\/es\/2024\/12\/izaro-estrena-en-dos-conciertos-especiales-en-kursaal-eszena-su-disco-navideno-izaro-gabonetan\/#primaryimage"},"thumbnailUrl":"https:\/\/www.kursaal.eus\/wp-content\/uploads\/2024\/12\/KE2024-2_Izaro_RP.jpg","articleSection":["Actualidad"],"inLanguage":"en-EN"},{"@type":"WebPage","@id":"https:\/\/www.kursaal.eus\/es\/2024\/12\/izaro-estrena-en-dos-conciertos-especiales-en-kursaal-eszena-su-disco-navideno-izaro-gabonetan\/","url":"https:\/\/www.kursaal.eus\/es\/2024\/12\/izaro-estrena-en-dos-conciertos-especiales-en-kursaal-eszena-su-disco-navideno-izaro-gabonetan\/","name":"Izaro estrena en dos conciertos especiales en Kursaal Eszena su disco navide\u00f1o \u201cIzaro gabonetan\u201d - Kursaal Donostia - San Sebasti\u00e1n","isPartOf":{"@id":"https:\/\/www.kursaal.eus\/es\/#website"},"primaryImageOfPage":{"@id":"https:\/\/www.kursaal.eus\/es\/2024\/12\/izaro-estrena-en-dos-conciertos-especiales-en-kursaal-eszena-su-disco-navideno-izaro-gabonetan\/#primaryimage"},"image":{"@id":"https:\/\/www.kursaal.eus\/es\/2024\/12\/izaro-estrena-en-dos-conciertos-especiales-en-kursaal-eszena-su-disco-navideno-izaro-gabonetan\/#primaryimage"},"thumbnailUrl":"https:\/\/www.kursaal.eus\/wp-content\/uploads\/2024\/12\/KE2024-2_Izaro_RP.jpg","datePublished":"2024-12-02T13:39:42+00:00","dateModified":"2024-12-02T13:41:04+00:00","author":{"@id":"https:\/\/www.kursaal.eus\/es\/#\/schema\/person\/fba65efb8aeb31214b751431353aa2fa"},"inLanguage":"en-EN","potentialAction":[{"@type":"ReadAction","target":["https:\/\/www.kursaal.eus\/es\/2024\/12\/izaro-estrena-en-dos-conciertos-especiales-en-kursaal-eszena-su-disco-navideno-izaro-gabonetan\/"]}]},{"@type":"ImageObject","inLanguage":"en-EN","@id":"https:\/\/www.kursaal.eus\/es\/2024\/12\/izaro-estrena-en-dos-conciertos-especiales-en-kursaal-eszena-su-disco-navideno-izaro-gabonetan\/#primaryimage","url":"https:\/\/www.kursaal.eus\/wp-content\/uploads\/2024\/12\/KE2024-2_Izaro_RP.jpg","contentUrl":"https:\/\/www.kursaal.eus\/wp-content\/uploads\/2024\/12\/KE2024-2_Izaro_RP.jpg","width":2000,"height":1204},{"@type":"WebSite","@id":"https:\/\/www.kursaal.eus\/es\/#website","url":"https:\/\/www.kursaal.eus\/es\/","name":"Kursaal Donostia - San Sebasti\u00e1n","description":"Palacio de Congresos y Auditorio","potentialAction":[{"@type":"SearchAction","target":{"@type":"EntryPoint","urlTemplate":"https:\/\/www.kursaal.eus\/es\/?s={search_term_string}"},"query-input":{"@type":"PropertyValueSpecification","valueRequired":true,"valueName":"search_term_string"}}],"inLanguage":"en-EN"},{"@type":"Person","@id":"https:\/\/www.kursaal.eus\/es\/#\/schema\/person\/fba65efb8aeb31214b751431353aa2fa","name":"itziar_larranaga","image":{"@type":"ImageObject","inLanguage":"en-EN","@id":"https:\/\/www.kursaal.eus\/es\/#\/schema\/person\/image\/","url":"https:\/\/secure.gravatar.com\/avatar\/bb727cdfc19c38a97b67e43c8f3bbfcc12154d5a85d0b063db2d449985d41ab4?s=96&d=mm&r=g","contentUrl":"https:\/\/secure.gravatar.com\/avatar\/bb727cdfc19c38a97b67e43c8f3bbfcc12154d5a85d0b063db2d449985d41ab4?s=96&d=mm&r=g","caption":"itziar_larranaga"},"url":"https:\/\/www.kursaal.eus\/en\/author\/auria_etxeandia\/"}]}},"_links":{"self":[{"href":"https:\/\/www.kursaal.eus\/en\/wp-json\/wp\/v2\/posts\/92596","targetHints":{"allow":["GET"]}}],"collection":[{"href":"https:\/\/www.kursaal.eus\/en\/wp-json\/wp\/v2\/posts"}],"about":[{"href":"https:\/\/www.kursaal.eus\/en\/wp-json\/wp\/v2\/types\/post"}],"author":[{"embeddable":true,"href":"https:\/\/www.kursaal.eus\/en\/wp-json\/wp\/v2\/users\/4"}],"replies":[{"embeddable":true,"href":"https:\/\/www.kursaal.eus\/en\/wp-json\/wp\/v2\/comments?post=92596"}],"version-history":[{"count":1,"href":"https:\/\/www.kursaal.eus\/en\/wp-json\/wp\/v2\/posts\/92596\/revisions"}],"predecessor-version":[{"id":92597,"href":"https:\/\/www.kursaal.eus\/en\/wp-json\/wp\/v2\/posts\/92596\/revisions\/92597"}],"wp:featuredmedia":[{"embeddable":true,"href":"https:\/\/www.kursaal.eus\/en\/wp-json\/wp\/v2\/media\/92594"}],"wp:attachment":[{"href":"https:\/\/www.kursaal.eus\/en\/wp-json\/wp\/v2\/media?parent=92596"}],"wp:term":[{"taxonomy":"category","embeddable":true,"href":"https:\/\/www.kursaal.eus\/en\/wp-json\/wp\/v2\/categories?post=92596"},{"taxonomy":"post_tag","embeddable":true,"href":"https:\/\/www.kursaal.eus\/en\/wp-json\/wp\/v2\/tags?post=92596"}],"curies":[{"name":"wp","href":"https:\/\/api.w.org\/{rel}","templated":true}]}}