{"id":12566,"date":"2016-04-19T08:35:58","date_gmt":"2016-04-19T08:35:58","guid":{"rendered":"http:\/\/www.kursaal.eus\/2016\/04\/dr-enrique-urculo-baren%cc%83o-presidente-del-comite-organizador-xvi-congreso-nacional-neuroraquis-2\/"},"modified":"2021-11-29T13:23:54","modified_gmt":"2021-11-29T13:23:54","slug":"dr-enrique-urculo-baren%cc%83o-presidente-del-comite-organizador-xvi-congreso-nacional-neuroraquis","status":"publish","type":"post","link":"https:\/\/www.kursaal.eus\/en\/2016\/04\/dr-enrique-urculo-baren%cc%83o-presidente-del-comite-organizador-xvi-congreso-nacional-neuroraquis\/","title":{"rendered":"Dr. Enrique \u00darculo Baren\u0303o, presidente del Comit\u00e9 Organizador XVI Congreso Nacional de Neuroraquis"},"content":{"rendered":"<div class=\"clip_details iris_divider--dark iris_divider-top iris_divider-top--m iris_divider-bot iris_divider-bot--m\" data-reactid=\".0.0.1.1\">\n<div class=\"iris_grid-content\" data-reactid=\".0.0.1.1.0\">\n<div data-reactid=\".0.0.1.1.0.0\">\n<div class=\"clip_details-description description-wrapper iris_desc\" data-reactid=\".0.0.1.1.0.0.1\">\n<div class=\"iris_desc-content description-content\" dir=\"auto\" data-reactid=\".0.0.1.1.0.0.1.1\">\n<p class=\"first\">Presidente del Comit\u00e9 Organizador del XVI Congreso Nacional de Neuroraquis, celebrado en el Kursaal de Donostia-San Sebasti\u00e1n del 10 al 13 de marzo<\/p>\n<\/div>\n<\/div>\n<\/div>\n<\/div>\n<\/div>\n","protected":false},"excerpt":{"rendered":"<p>Presidente del Comit\u00e9 Organizador del XVI Congreso Nacional de Neuroraquis, celebrado en el Kursaal de Donostia-San Sebasti\u00e1n del 10 al 13 de marzo<\/p>\n","protected":false},"author":10000097,"featured_media":24314,"comment_status":"open","ping_status":"open","sticky":false,"template":"","format":"video","meta":{"_acf_changed":false,"footnotes":""},"categories":[55],"tags":[],"class_list":["post-12566","post","type-post","status-publish","format-video","has-post-thumbnail","hentry","category-testimonials","post_format-post-format-video"],"acf":[],"yoast_head":"<!-- This site is optimized with the Yoast SEO plugin v27.0 - https:\/\/yoast.com\/product\/yoast-seo-wordpress\/ -->\n<title>Dr. Enrique \u00darculo Baren\u0303o, presidente del Comit\u00e9 Organizador XVI Congreso Nacional de Neuroraquis - Kursaal Donostia - San Sebasti\u00e1n<\/title>\n<meta name=\"robots\" content=\"index, follow, max-snippet:-1, max-image-preview:large, max-video-preview:-1\" \/>\n<link rel=\"canonical\" href=\"https:\/\/www.kursaal.eus\/en\/2016\/04\/dr-enrique-urculo-baren\u0303o-presidente-del-comite-organizador-xvi-congreso-nacional-neuroraquis\/\" \/>\n<meta property=\"og:locale\" content=\"en_US\" \/>\n<meta property=\"og:type\" content=\"article\" \/>\n<meta property=\"og:title\" content=\"Dr. Enrique \u00darculo Baren\u0303o, presidente del Comit\u00e9 Organizador XVI Congreso Nacional de Neuroraquis - Kursaal Donostia - San Sebasti\u00e1n\" \/>\n<meta property=\"og:description\" content=\"Presidente del Comit\u00e9 Organizador del XVI Congreso Nacional de Neuroraquis, celebrado en el Kursaal de Donostia-San Sebasti\u00e1n del 10 al 13 de marzo\" \/>\n<meta property=\"og:url\" content=\"https:\/\/www.kursaal.eus\/en\/2016\/04\/dr-enrique-urculo-baren\u0303o-presidente-del-comite-organizador-xvi-congreso-nacional-neuroraquis\/\" \/>\n<meta property=\"og:site_name\" content=\"Kursaal Donostia - San Sebasti\u00e1n\" \/>\n<meta property=\"article:publisher\" content=\"https:\/\/www.facebook.com\/KursaalPalaciodeCongresosBiltzarJauregia\" \/>\n<meta property=\"article:published_time\" content=\"2016-04-19T08:35:58+00:00\" \/>\n<meta property=\"article:modified_time\" content=\"2021-11-29T13:23:54+00:00\" \/>\n<meta property=\"og:image\" content=\"https:\/\/www.kursaal.eus\/wp-content\/uploads\/2016\/04\/enrique-urculo.png\" \/>\n\t<meta property=\"og:image:width\" content=\"956\" \/>\n\t<meta property=\"og:image:height\" content=\"484\" \/>\n\t<meta property=\"og:image:type\" content=\"image\/png\" \/>\n<meta name=\"author\" content=\"comunicacion\" \/>\n<meta name=\"twitter:label1\" content=\"Written by\" \/>\n\t<meta name=\"twitter:data1\" content=\"comunicacion\" \/>\n<script type=\"application\/ld+json\" class=\"yoast-schema-graph\">{\"@context\":\"https:\/\/schema.org\",\"@graph\":[{\"@type\":\"Article\",\"@id\":\"https:\/\/www.kursaal.eus\/en\/2016\/04\/dr-enrique-urculo-baren%cc%83o-presidente-del-comite-organizador-xvi-congreso-nacional-neuroraquis\/#article\",\"isPartOf\":{\"@id\":\"https:\/\/www.kursaal.eus\/en\/2016\/04\/dr-enrique-urculo-baren%cc%83o-presidente-del-comite-organizador-xvi-congreso-nacional-neuroraquis\/\"},\"author\":{\"name\":\"comunicacion\",\"@id\":\"https:\/\/www.kursaal.eus\/es\/#\/schema\/person\/b8c28e02584a8e9fdcbf64ff9acd5053\"},\"headline\":\"Dr. Enrique \u00darculo Baren\u0303o, presidente del Comit\u00e9 Organizador XVI Congreso Nacional de Neuroraquis\",\"datePublished\":\"2016-04-19T08:35:58+00:00\",\"dateModified\":\"2021-11-29T13:23:54+00:00\",\"mainEntityOfPage\":{\"@id\":\"https:\/\/www.kursaal.eus\/en\/2016\/04\/dr-enrique-urculo-baren%cc%83o-presidente-del-comite-organizador-xvi-congreso-nacional-neuroraquis\/\"},\"wordCount\":36,\"commentCount\":0,\"image\":{\"@id\":\"https:\/\/www.kursaal.eus\/en\/2016\/04\/dr-enrique-urculo-baren%cc%83o-presidente-del-comite-organizador-xvi-congreso-nacional-neuroraquis\/#primaryimage\"},\"thumbnailUrl\":\"https:\/\/www.kursaal.eus\/wp-content\/uploads\/2016\/04\/enrique-urculo.png\",\"articleSection\":[\"Testimonials\"],\"inLanguage\":\"en-EN\",\"potentialAction\":[{\"@type\":\"CommentAction\",\"name\":\"Comment\",\"target\":[\"https:\/\/www.kursaal.eus\/en\/2016\/04\/dr-enrique-urculo-baren%cc%83o-presidente-del-comite-organizador-xvi-congreso-nacional-neuroraquis\/#respond\"]}]},{\"@type\":\"WebPage\",\"@id\":\"https:\/\/www.kursaal.eus\/en\/2016\/04\/dr-enrique-urculo-baren%cc%83o-presidente-del-comite-organizador-xvi-congreso-nacional-neuroraquis\/\",\"url\":\"https:\/\/www.kursaal.eus\/en\/2016\/04\/dr-enrique-urculo-baren%cc%83o-presidente-del-comite-organizador-xvi-congreso-nacional-neuroraquis\/\",\"name\":\"Dr. Enrique \u00darculo Baren\u0303o, presidente del Comit\u00e9 Organizador XVI Congreso Nacional de Neuroraquis - Kursaal Donostia - San Sebasti\u00e1n\",\"isPartOf\":{\"@id\":\"https:\/\/www.kursaal.eus\/es\/#website\"},\"primaryImageOfPage\":{\"@id\":\"https:\/\/www.kursaal.eus\/en\/2016\/04\/dr-enrique-urculo-baren%cc%83o-presidente-del-comite-organizador-xvi-congreso-nacional-neuroraquis\/#primaryimage\"},\"image\":{\"@id\":\"https:\/\/www.kursaal.eus\/en\/2016\/04\/dr-enrique-urculo-baren%cc%83o-presidente-del-comite-organizador-xvi-congreso-nacional-neuroraquis\/#primaryimage\"},\"thumbnailUrl\":\"https:\/\/www.kursaal.eus\/wp-content\/uploads\/2016\/04\/enrique-urculo.png\",\"datePublished\":\"2016-04-19T08:35:58+00:00\",\"dateModified\":\"2021-11-29T13:23:54+00:00\",\"author\":{\"@id\":\"https:\/\/www.kursaal.eus\/es\/#\/schema\/person\/b8c28e02584a8e9fdcbf64ff9acd5053\"},\"inLanguage\":\"en-EN\",\"potentialAction\":[{\"@type\":\"ReadAction\",\"target\":[\"https:\/\/www.kursaal.eus\/en\/2016\/04\/dr-enrique-urculo-baren%cc%83o-presidente-del-comite-organizador-xvi-congreso-nacional-neuroraquis\/\"]}]},{\"@type\":\"ImageObject\",\"inLanguage\":\"en-EN\",\"@id\":\"https:\/\/www.kursaal.eus\/en\/2016\/04\/dr-enrique-urculo-baren%cc%83o-presidente-del-comite-organizador-xvi-congreso-nacional-neuroraquis\/#primaryimage\",\"url\":\"https:\/\/www.kursaal.eus\/wp-content\/uploads\/2016\/04\/enrique-urculo.png\",\"contentUrl\":\"https:\/\/www.kursaal.eus\/wp-content\/uploads\/2016\/04\/enrique-urculo.png\",\"width\":956,\"height\":484},{\"@type\":\"WebSite\",\"@id\":\"https:\/\/www.kursaal.eus\/es\/#website\",\"url\":\"https:\/\/www.kursaal.eus\/es\/\",\"name\":\"Kursaal Donostia - San Sebasti\u00e1n\",\"description\":\"Palacio de Congresos y Auditorio\",\"potentialAction\":[{\"@type\":\"SearchAction\",\"target\":{\"@type\":\"EntryPoint\",\"urlTemplate\":\"https:\/\/www.kursaal.eus\/es\/?s={search_term_string}\"},\"query-input\":{\"@type\":\"PropertyValueSpecification\",\"valueRequired\":true,\"valueName\":\"search_term_string\"}}],\"inLanguage\":\"en-EN\"},{\"@type\":\"Person\",\"@id\":\"https:\/\/www.kursaal.eus\/es\/#\/schema\/person\/b8c28e02584a8e9fdcbf64ff9acd5053\",\"name\":\"comunicacion\",\"image\":{\"@type\":\"ImageObject\",\"inLanguage\":\"en-EN\",\"@id\":\"https:\/\/www.kursaal.eus\/es\/#\/schema\/person\/image\/\",\"url\":\"https:\/\/secure.gravatar.com\/avatar\/05dbd93060e242fcd0a0aae159412e2e61b5bda978f63039debb356bb03ab841?s=96&d=mm&r=g\",\"contentUrl\":\"https:\/\/secure.gravatar.com\/avatar\/05dbd93060e242fcd0a0aae159412e2e61b5bda978f63039debb356bb03ab841?s=96&d=mm&r=g\",\"caption\":\"comunicacion\"},\"url\":\"https:\/\/www.kursaal.eus\/en\/author\/comunicacion\/\"}]}<\/script>\n<!-- \/ Yoast SEO plugin. -->","yoast_head_json":{"title":"Dr. Enrique \u00darculo Baren\u0303o, presidente del Comit\u00e9 Organizador XVI Congreso Nacional de Neuroraquis - Kursaal Donostia - San Sebasti\u00e1n","robots":{"index":"index","follow":"follow","max-snippet":"max-snippet:-1","max-image-preview":"max-image-preview:large","max-video-preview":"max-video-preview:-1"},"canonical":"https:\/\/www.kursaal.eus\/en\/2016\/04\/dr-enrique-urculo-baren\u0303o-presidente-del-comite-organizador-xvi-congreso-nacional-neuroraquis\/","og_locale":"en_US","og_type":"article","og_title":"Dr. Enrique \u00darculo Baren\u0303o, presidente del Comit\u00e9 Organizador XVI Congreso Nacional de Neuroraquis - Kursaal Donostia - San Sebasti\u00e1n","og_description":"Presidente del Comit\u00e9 Organizador del XVI Congreso Nacional de Neuroraquis, celebrado en el Kursaal de Donostia-San Sebasti\u00e1n del 10 al 13 de marzo","og_url":"https:\/\/www.kursaal.eus\/en\/2016\/04\/dr-enrique-urculo-baren\u0303o-presidente-del-comite-organizador-xvi-congreso-nacional-neuroraquis\/","og_site_name":"Kursaal Donostia - San Sebasti\u00e1n","article_publisher":"https:\/\/www.facebook.com\/KursaalPalaciodeCongresosBiltzarJauregia","article_published_time":"2016-04-19T08:35:58+00:00","article_modified_time":"2021-11-29T13:23:54+00:00","og_image":[{"width":956,"height":484,"url":"https:\/\/www.kursaal.eus\/wp-content\/uploads\/2016\/04\/enrique-urculo.png","type":"image\/png"}],"author":"comunicacion","twitter_misc":{"Written by":"comunicacion"},"schema":{"@context":"https:\/\/schema.org","@graph":[{"@type":"Article","@id":"https:\/\/www.kursaal.eus\/en\/2016\/04\/dr-enrique-urculo-baren%cc%83o-presidente-del-comite-organizador-xvi-congreso-nacional-neuroraquis\/#article","isPartOf":{"@id":"https:\/\/www.kursaal.eus\/en\/2016\/04\/dr-enrique-urculo-baren%cc%83o-presidente-del-comite-organizador-xvi-congreso-nacional-neuroraquis\/"},"author":{"name":"comunicacion","@id":"https:\/\/www.kursaal.eus\/es\/#\/schema\/person\/b8c28e02584a8e9fdcbf64ff9acd5053"},"headline":"Dr. Enrique \u00darculo Baren\u0303o, presidente del Comit\u00e9 Organizador XVI Congreso Nacional de Neuroraquis","datePublished":"2016-04-19T08:35:58+00:00","dateModified":"2021-11-29T13:23:54+00:00","mainEntityOfPage":{"@id":"https:\/\/www.kursaal.eus\/en\/2016\/04\/dr-enrique-urculo-baren%cc%83o-presidente-del-comite-organizador-xvi-congreso-nacional-neuroraquis\/"},"wordCount":36,"commentCount":0,"image":{"@id":"https:\/\/www.kursaal.eus\/en\/2016\/04\/dr-enrique-urculo-baren%cc%83o-presidente-del-comite-organizador-xvi-congreso-nacional-neuroraquis\/#primaryimage"},"thumbnailUrl":"https:\/\/www.kursaal.eus\/wp-content\/uploads\/2016\/04\/enrique-urculo.png","articleSection":["Testimonials"],"inLanguage":"en-EN","potentialAction":[{"@type":"CommentAction","name":"Comment","target":["https:\/\/www.kursaal.eus\/en\/2016\/04\/dr-enrique-urculo-baren%cc%83o-presidente-del-comite-organizador-xvi-congreso-nacional-neuroraquis\/#respond"]}]},{"@type":"WebPage","@id":"https:\/\/www.kursaal.eus\/en\/2016\/04\/dr-enrique-urculo-baren%cc%83o-presidente-del-comite-organizador-xvi-congreso-nacional-neuroraquis\/","url":"https:\/\/www.kursaal.eus\/en\/2016\/04\/dr-enrique-urculo-baren%cc%83o-presidente-del-comite-organizador-xvi-congreso-nacional-neuroraquis\/","name":"Dr. Enrique \u00darculo Baren\u0303o, presidente del Comit\u00e9 Organizador XVI Congreso Nacional de Neuroraquis - Kursaal Donostia - San Sebasti\u00e1n","isPartOf":{"@id":"https:\/\/www.kursaal.eus\/es\/#website"},"primaryImageOfPage":{"@id":"https:\/\/www.kursaal.eus\/en\/2016\/04\/dr-enrique-urculo-baren%cc%83o-presidente-del-comite-organizador-xvi-congreso-nacional-neuroraquis\/#primaryimage"},"image":{"@id":"https:\/\/www.kursaal.eus\/en\/2016\/04\/dr-enrique-urculo-baren%cc%83o-presidente-del-comite-organizador-xvi-congreso-nacional-neuroraquis\/#primaryimage"},"thumbnailUrl":"https:\/\/www.kursaal.eus\/wp-content\/uploads\/2016\/04\/enrique-urculo.png","datePublished":"2016-04-19T08:35:58+00:00","dateModified":"2021-11-29T13:23:54+00:00","author":{"@id":"https:\/\/www.kursaal.eus\/es\/#\/schema\/person\/b8c28e02584a8e9fdcbf64ff9acd5053"},"inLanguage":"en-EN","potentialAction":[{"@type":"ReadAction","target":["https:\/\/www.kursaal.eus\/en\/2016\/04\/dr-enrique-urculo-baren%cc%83o-presidente-del-comite-organizador-xvi-congreso-nacional-neuroraquis\/"]}]},{"@type":"ImageObject","inLanguage":"en-EN","@id":"https:\/\/www.kursaal.eus\/en\/2016\/04\/dr-enrique-urculo-baren%cc%83o-presidente-del-comite-organizador-xvi-congreso-nacional-neuroraquis\/#primaryimage","url":"https:\/\/www.kursaal.eus\/wp-content\/uploads\/2016\/04\/enrique-urculo.png","contentUrl":"https:\/\/www.kursaal.eus\/wp-content\/uploads\/2016\/04\/enrique-urculo.png","width":956,"height":484},{"@type":"WebSite","@id":"https:\/\/www.kursaal.eus\/es\/#website","url":"https:\/\/www.kursaal.eus\/es\/","name":"Kursaal Donostia - San Sebasti\u00e1n","description":"Palacio de Congresos y Auditorio","potentialAction":[{"@type":"SearchAction","target":{"@type":"EntryPoint","urlTemplate":"https:\/\/www.kursaal.eus\/es\/?s={search_term_string}"},"query-input":{"@type":"PropertyValueSpecification","valueRequired":true,"valueName":"search_term_string"}}],"inLanguage":"en-EN"},{"@type":"Person","@id":"https:\/\/www.kursaal.eus\/es\/#\/schema\/person\/b8c28e02584a8e9fdcbf64ff9acd5053","name":"comunicacion","image":{"@type":"ImageObject","inLanguage":"en-EN","@id":"https:\/\/www.kursaal.eus\/es\/#\/schema\/person\/image\/","url":"https:\/\/secure.gravatar.com\/avatar\/05dbd93060e242fcd0a0aae159412e2e61b5bda978f63039debb356bb03ab841?s=96&d=mm&r=g","contentUrl":"https:\/\/secure.gravatar.com\/avatar\/05dbd93060e242fcd0a0aae159412e2e61b5bda978f63039debb356bb03ab841?s=96&d=mm&r=g","caption":"comunicacion"},"url":"https:\/\/www.kursaal.eus\/en\/author\/comunicacion\/"}]}},"_links":{"self":[{"href":"https:\/\/www.kursaal.eus\/en\/wp-json\/wp\/v2\/posts\/12566","targetHints":{"allow":["GET"]}}],"collection":[{"href":"https:\/\/www.kursaal.eus\/en\/wp-json\/wp\/v2\/posts"}],"about":[{"href":"https:\/\/www.kursaal.eus\/en\/wp-json\/wp\/v2\/types\/post"}],"author":[{"embeddable":true,"href":"https:\/\/www.kursaal.eus\/en\/wp-json\/wp\/v2\/users\/10000097"}],"replies":[{"embeddable":true,"href":"https:\/\/www.kursaal.eus\/en\/wp-json\/wp\/v2\/comments?post=12566"}],"version-history":[{"count":1,"href":"https:\/\/www.kursaal.eus\/en\/wp-json\/wp\/v2\/posts\/12566\/revisions"}],"predecessor-version":[{"id":67820,"href":"https:\/\/www.kursaal.eus\/en\/wp-json\/wp\/v2\/posts\/12566\/revisions\/67820"}],"wp:featuredmedia":[{"embeddable":true,"href":"https:\/\/www.kursaal.eus\/en\/wp-json\/wp\/v2\/media\/24314"}],"wp:attachment":[{"href":"https:\/\/www.kursaal.eus\/en\/wp-json\/wp\/v2\/media?parent=12566"}],"wp:term":[{"taxonomy":"category","embeddable":true,"href":"https:\/\/www.kursaal.eus\/en\/wp-json\/wp\/v2\/categories?post=12566"},{"taxonomy":"post_tag","embeddable":true,"href":"https:\/\/www.kursaal.eus\/en\/wp-json\/wp\/v2\/tags?post=12566"}],"curies":[{"name":"wp","href":"https:\/\/api.w.org\/{rel}","templated":true}]}}