{"id":12551,"date":"2015-06-17T12:05:21","date_gmt":"2015-06-17T12:05:21","guid":{"rendered":"http:\/\/www.kursaal.eus\/2015\/06\/57-congreso-nacional-de-geriatria-y-gerontologia-2\/"},"modified":"2021-11-29T13:29:47","modified_gmt":"2021-11-29T13:29:47","slug":"57-congreso-nacional-de-geriatria-y-gerontologia","status":"publish","type":"post","link":"https:\/\/www.kursaal.eus\/en\/2015\/06\/57-congreso-nacional-de-geriatria-y-gerontologia\/","title":{"rendered":"Jos\u00e9 Antonio L\u00f3pez, presidente del 57 Congreso Nacional de Geriatr\u00eda y Gerontolog\u00eda"},"content":{"rendered":"<p><a href=\"http:\/\/www.geriatria2015.com\">57 Congreso Nacional de Geriatr\u00eda y Gerontolog\u00eda<\/a><\/p>\n<p>&nbsp;<\/p>\n","protected":false},"excerpt":{"rendered":"<p>57 Congreso Nacional de Geriatr\u00eda y Gerontolog\u00eda &nbsp;<\/p>\n","protected":false},"author":10000097,"featured_media":21556,"comment_status":"open","ping_status":"open","sticky":false,"template":"","format":"video","meta":{"_acf_changed":false,"footnotes":""},"categories":[55],"tags":[],"class_list":["post-12551","post","type-post","status-publish","format-video","has-post-thumbnail","hentry","category-testimonials","post_format-post-format-video"],"acf":[],"yoast_head":"<!-- This site is optimized with the Yoast SEO plugin v27.0 - https:\/\/yoast.com\/product\/yoast-seo-wordpress\/ -->\n<title>Jos\u00e9 Antonio L\u00f3pez, presidente del 57 Congreso Nacional de Geriatr\u00eda y Gerontolog\u00eda - Kursaal Donostia - San Sebasti\u00e1n<\/title>\n<meta name=\"robots\" content=\"index, follow, max-snippet:-1, max-image-preview:large, max-video-preview:-1\" \/>\n<link rel=\"canonical\" href=\"https:\/\/www.kursaal.eus\/en\/2015\/06\/57-congreso-nacional-de-geriatria-y-gerontologia\/\" \/>\n<meta property=\"og:locale\" content=\"en_US\" \/>\n<meta property=\"og:type\" content=\"article\" \/>\n<meta property=\"og:title\" content=\"Jos\u00e9 Antonio L\u00f3pez, presidente del 57 Congreso Nacional de Geriatr\u00eda y Gerontolog\u00eda - Kursaal Donostia - San Sebasti\u00e1n\" \/>\n<meta property=\"og:description\" content=\"57 Congreso Nacional de Geriatr\u00eda y Gerontolog\u00eda &nbsp;\" \/>\n<meta property=\"og:url\" content=\"https:\/\/www.kursaal.eus\/en\/2015\/06\/57-congreso-nacional-de-geriatria-y-gerontologia\/\" \/>\n<meta property=\"og:site_name\" content=\"Kursaal Donostia - San Sebasti\u00e1n\" \/>\n<meta property=\"article:publisher\" content=\"https:\/\/www.facebook.com\/KursaalPalaciodeCongresosBiltzarJauregia\" \/>\n<meta property=\"article:published_time\" content=\"2015-06-17T12:05:21+00:00\" \/>\n<meta property=\"article:modified_time\" content=\"2021-11-29T13:29:47+00:00\" \/>\n<meta property=\"og:image\" content=\"https:\/\/www.kursaal.eus\/wp-content\/uploads\/2015\/06\/L\u00f3pez-Trigo.jpg\" \/>\n\t<meta property=\"og:image:width\" content=\"959\" \/>\n\t<meta property=\"og:image:height\" content=\"492\" \/>\n\t<meta property=\"og:image:type\" content=\"image\/jpeg\" \/>\n<meta name=\"author\" content=\"comunicacion\" \/>\n<meta name=\"twitter:label1\" content=\"Written by\" \/>\n\t<meta name=\"twitter:data1\" content=\"comunicacion\" \/>\n\t<meta name=\"twitter:label2\" content=\"Est. reading time\" \/>\n\t<meta name=\"twitter:data2\" content=\"1 minute\" \/>\n<script type=\"application\/ld+json\" class=\"yoast-schema-graph\">{\"@context\":\"https:\/\/schema.org\",\"@graph\":[{\"@type\":\"Article\",\"@id\":\"https:\/\/www.kursaal.eus\/en\/2015\/06\/57-congreso-nacional-de-geriatria-y-gerontologia\/#article\",\"isPartOf\":{\"@id\":\"https:\/\/www.kursaal.eus\/en\/2015\/06\/57-congreso-nacional-de-geriatria-y-gerontologia\/\"},\"author\":{\"name\":\"comunicacion\",\"@id\":\"https:\/\/www.kursaal.eus\/es\/#\/schema\/person\/b8c28e02584a8e9fdcbf64ff9acd5053\"},\"headline\":\"Jos\u00e9 Antonio L\u00f3pez, presidente del 57 Congreso Nacional de Geriatr\u00eda y Gerontolog\u00eda\",\"datePublished\":\"2015-06-17T12:05:21+00:00\",\"dateModified\":\"2021-11-29T13:29:47+00:00\",\"mainEntityOfPage\":{\"@id\":\"https:\/\/www.kursaal.eus\/en\/2015\/06\/57-congreso-nacional-de-geriatria-y-gerontologia\/\"},\"wordCount\":23,\"commentCount\":0,\"image\":{\"@id\":\"https:\/\/www.kursaal.eus\/en\/2015\/06\/57-congreso-nacional-de-geriatria-y-gerontologia\/#primaryimage\"},\"thumbnailUrl\":\"https:\/\/www.kursaal.eus\/wp-content\/uploads\/2015\/06\/L\u00f3pez-Trigo.jpg\",\"articleSection\":[\"Testimonials\"],\"inLanguage\":\"en-EN\",\"potentialAction\":[{\"@type\":\"CommentAction\",\"name\":\"Comment\",\"target\":[\"https:\/\/www.kursaal.eus\/en\/2015\/06\/57-congreso-nacional-de-geriatria-y-gerontologia\/#respond\"]}]},{\"@type\":\"WebPage\",\"@id\":\"https:\/\/www.kursaal.eus\/en\/2015\/06\/57-congreso-nacional-de-geriatria-y-gerontologia\/\",\"url\":\"https:\/\/www.kursaal.eus\/en\/2015\/06\/57-congreso-nacional-de-geriatria-y-gerontologia\/\",\"name\":\"Jos\u00e9 Antonio L\u00f3pez, presidente del 57 Congreso Nacional de Geriatr\u00eda y Gerontolog\u00eda - Kursaal Donostia - San Sebasti\u00e1n\",\"isPartOf\":{\"@id\":\"https:\/\/www.kursaal.eus\/es\/#website\"},\"primaryImageOfPage\":{\"@id\":\"https:\/\/www.kursaal.eus\/en\/2015\/06\/57-congreso-nacional-de-geriatria-y-gerontologia\/#primaryimage\"},\"image\":{\"@id\":\"https:\/\/www.kursaal.eus\/en\/2015\/06\/57-congreso-nacional-de-geriatria-y-gerontologia\/#primaryimage\"},\"thumbnailUrl\":\"https:\/\/www.kursaal.eus\/wp-content\/uploads\/2015\/06\/L\u00f3pez-Trigo.jpg\",\"datePublished\":\"2015-06-17T12:05:21+00:00\",\"dateModified\":\"2021-11-29T13:29:47+00:00\",\"author\":{\"@id\":\"https:\/\/www.kursaal.eus\/es\/#\/schema\/person\/b8c28e02584a8e9fdcbf64ff9acd5053\"},\"inLanguage\":\"en-EN\",\"potentialAction\":[{\"@type\":\"ReadAction\",\"target\":[\"https:\/\/www.kursaal.eus\/en\/2015\/06\/57-congreso-nacional-de-geriatria-y-gerontologia\/\"]}]},{\"@type\":\"ImageObject\",\"inLanguage\":\"en-EN\",\"@id\":\"https:\/\/www.kursaal.eus\/en\/2015\/06\/57-congreso-nacional-de-geriatria-y-gerontologia\/#primaryimage\",\"url\":\"https:\/\/www.kursaal.eus\/wp-content\/uploads\/2015\/06\/L\u00f3pez-Trigo.jpg\",\"contentUrl\":\"https:\/\/www.kursaal.eus\/wp-content\/uploads\/2015\/06\/L\u00f3pez-Trigo.jpg\",\"width\":959,\"height\":492},{\"@type\":\"WebSite\",\"@id\":\"https:\/\/www.kursaal.eus\/es\/#website\",\"url\":\"https:\/\/www.kursaal.eus\/es\/\",\"name\":\"Kursaal Donostia - San Sebasti\u00e1n\",\"description\":\"Palacio de Congresos y Auditorio\",\"potentialAction\":[{\"@type\":\"SearchAction\",\"target\":{\"@type\":\"EntryPoint\",\"urlTemplate\":\"https:\/\/www.kursaal.eus\/es\/?s={search_term_string}\"},\"query-input\":{\"@type\":\"PropertyValueSpecification\",\"valueRequired\":true,\"valueName\":\"search_term_string\"}}],\"inLanguage\":\"en-EN\"},{\"@type\":\"Person\",\"@id\":\"https:\/\/www.kursaal.eus\/es\/#\/schema\/person\/b8c28e02584a8e9fdcbf64ff9acd5053\",\"name\":\"comunicacion\",\"image\":{\"@type\":\"ImageObject\",\"inLanguage\":\"en-EN\",\"@id\":\"https:\/\/www.kursaal.eus\/es\/#\/schema\/person\/image\/\",\"url\":\"https:\/\/secure.gravatar.com\/avatar\/05dbd93060e242fcd0a0aae159412e2e61b5bda978f63039debb356bb03ab841?s=96&d=mm&r=g\",\"contentUrl\":\"https:\/\/secure.gravatar.com\/avatar\/05dbd93060e242fcd0a0aae159412e2e61b5bda978f63039debb356bb03ab841?s=96&d=mm&r=g\",\"caption\":\"comunicacion\"},\"url\":\"https:\/\/www.kursaal.eus\/en\/author\/comunicacion\/\"}]}<\/script>\n<!-- \/ Yoast SEO plugin. -->","yoast_head_json":{"title":"Jos\u00e9 Antonio L\u00f3pez, presidente del 57 Congreso Nacional de Geriatr\u00eda y Gerontolog\u00eda - Kursaal Donostia - San Sebasti\u00e1n","robots":{"index":"index","follow":"follow","max-snippet":"max-snippet:-1","max-image-preview":"max-image-preview:large","max-video-preview":"max-video-preview:-1"},"canonical":"https:\/\/www.kursaal.eus\/en\/2015\/06\/57-congreso-nacional-de-geriatria-y-gerontologia\/","og_locale":"en_US","og_type":"article","og_title":"Jos\u00e9 Antonio L\u00f3pez, presidente del 57 Congreso Nacional de Geriatr\u00eda y Gerontolog\u00eda - Kursaal Donostia - San Sebasti\u00e1n","og_description":"57 Congreso Nacional de Geriatr\u00eda y Gerontolog\u00eda &nbsp;","og_url":"https:\/\/www.kursaal.eus\/en\/2015\/06\/57-congreso-nacional-de-geriatria-y-gerontologia\/","og_site_name":"Kursaal Donostia - San Sebasti\u00e1n","article_publisher":"https:\/\/www.facebook.com\/KursaalPalaciodeCongresosBiltzarJauregia","article_published_time":"2015-06-17T12:05:21+00:00","article_modified_time":"2021-11-29T13:29:47+00:00","og_image":[{"width":959,"height":492,"url":"https:\/\/www.kursaal.eus\/wp-content\/uploads\/2015\/06\/L\u00f3pez-Trigo.jpg","type":"image\/jpeg"}],"author":"comunicacion","twitter_misc":{"Written by":"comunicacion","Est. reading time":"1 minute"},"schema":{"@context":"https:\/\/schema.org","@graph":[{"@type":"Article","@id":"https:\/\/www.kursaal.eus\/en\/2015\/06\/57-congreso-nacional-de-geriatria-y-gerontologia\/#article","isPartOf":{"@id":"https:\/\/www.kursaal.eus\/en\/2015\/06\/57-congreso-nacional-de-geriatria-y-gerontologia\/"},"author":{"name":"comunicacion","@id":"https:\/\/www.kursaal.eus\/es\/#\/schema\/person\/b8c28e02584a8e9fdcbf64ff9acd5053"},"headline":"Jos\u00e9 Antonio L\u00f3pez, presidente del 57 Congreso Nacional de Geriatr\u00eda y Gerontolog\u00eda","datePublished":"2015-06-17T12:05:21+00:00","dateModified":"2021-11-29T13:29:47+00:00","mainEntityOfPage":{"@id":"https:\/\/www.kursaal.eus\/en\/2015\/06\/57-congreso-nacional-de-geriatria-y-gerontologia\/"},"wordCount":23,"commentCount":0,"image":{"@id":"https:\/\/www.kursaal.eus\/en\/2015\/06\/57-congreso-nacional-de-geriatria-y-gerontologia\/#primaryimage"},"thumbnailUrl":"https:\/\/www.kursaal.eus\/wp-content\/uploads\/2015\/06\/L\u00f3pez-Trigo.jpg","articleSection":["Testimonials"],"inLanguage":"en-EN","potentialAction":[{"@type":"CommentAction","name":"Comment","target":["https:\/\/www.kursaal.eus\/en\/2015\/06\/57-congreso-nacional-de-geriatria-y-gerontologia\/#respond"]}]},{"@type":"WebPage","@id":"https:\/\/www.kursaal.eus\/en\/2015\/06\/57-congreso-nacional-de-geriatria-y-gerontologia\/","url":"https:\/\/www.kursaal.eus\/en\/2015\/06\/57-congreso-nacional-de-geriatria-y-gerontologia\/","name":"Jos\u00e9 Antonio L\u00f3pez, presidente del 57 Congreso Nacional de Geriatr\u00eda y Gerontolog\u00eda - Kursaal Donostia - San Sebasti\u00e1n","isPartOf":{"@id":"https:\/\/www.kursaal.eus\/es\/#website"},"primaryImageOfPage":{"@id":"https:\/\/www.kursaal.eus\/en\/2015\/06\/57-congreso-nacional-de-geriatria-y-gerontologia\/#primaryimage"},"image":{"@id":"https:\/\/www.kursaal.eus\/en\/2015\/06\/57-congreso-nacional-de-geriatria-y-gerontologia\/#primaryimage"},"thumbnailUrl":"https:\/\/www.kursaal.eus\/wp-content\/uploads\/2015\/06\/L\u00f3pez-Trigo.jpg","datePublished":"2015-06-17T12:05:21+00:00","dateModified":"2021-11-29T13:29:47+00:00","author":{"@id":"https:\/\/www.kursaal.eus\/es\/#\/schema\/person\/b8c28e02584a8e9fdcbf64ff9acd5053"},"inLanguage":"en-EN","potentialAction":[{"@type":"ReadAction","target":["https:\/\/www.kursaal.eus\/en\/2015\/06\/57-congreso-nacional-de-geriatria-y-gerontologia\/"]}]},{"@type":"ImageObject","inLanguage":"en-EN","@id":"https:\/\/www.kursaal.eus\/en\/2015\/06\/57-congreso-nacional-de-geriatria-y-gerontologia\/#primaryimage","url":"https:\/\/www.kursaal.eus\/wp-content\/uploads\/2015\/06\/L\u00f3pez-Trigo.jpg","contentUrl":"https:\/\/www.kursaal.eus\/wp-content\/uploads\/2015\/06\/L\u00f3pez-Trigo.jpg","width":959,"height":492},{"@type":"WebSite","@id":"https:\/\/www.kursaal.eus\/es\/#website","url":"https:\/\/www.kursaal.eus\/es\/","name":"Kursaal Donostia - San Sebasti\u00e1n","description":"Palacio de Congresos y Auditorio","potentialAction":[{"@type":"SearchAction","target":{"@type":"EntryPoint","urlTemplate":"https:\/\/www.kursaal.eus\/es\/?s={search_term_string}"},"query-input":{"@type":"PropertyValueSpecification","valueRequired":true,"valueName":"search_term_string"}}],"inLanguage":"en-EN"},{"@type":"Person","@id":"https:\/\/www.kursaal.eus\/es\/#\/schema\/person\/b8c28e02584a8e9fdcbf64ff9acd5053","name":"comunicacion","image":{"@type":"ImageObject","inLanguage":"en-EN","@id":"https:\/\/www.kursaal.eus\/es\/#\/schema\/person\/image\/","url":"https:\/\/secure.gravatar.com\/avatar\/05dbd93060e242fcd0a0aae159412e2e61b5bda978f63039debb356bb03ab841?s=96&d=mm&r=g","contentUrl":"https:\/\/secure.gravatar.com\/avatar\/05dbd93060e242fcd0a0aae159412e2e61b5bda978f63039debb356bb03ab841?s=96&d=mm&r=g","caption":"comunicacion"},"url":"https:\/\/www.kursaal.eus\/en\/author\/comunicacion\/"}]}},"_links":{"self":[{"href":"https:\/\/www.kursaal.eus\/en\/wp-json\/wp\/v2\/posts\/12551","targetHints":{"allow":["GET"]}}],"collection":[{"href":"https:\/\/www.kursaal.eus\/en\/wp-json\/wp\/v2\/posts"}],"about":[{"href":"https:\/\/www.kursaal.eus\/en\/wp-json\/wp\/v2\/types\/post"}],"author":[{"embeddable":true,"href":"https:\/\/www.kursaal.eus\/en\/wp-json\/wp\/v2\/users\/10000097"}],"replies":[{"embeddable":true,"href":"https:\/\/www.kursaal.eus\/en\/wp-json\/wp\/v2\/comments?post=12551"}],"version-history":[{"count":1,"href":"https:\/\/www.kursaal.eus\/en\/wp-json\/wp\/v2\/posts\/12551\/revisions"}],"predecessor-version":[{"id":67834,"href":"https:\/\/www.kursaal.eus\/en\/wp-json\/wp\/v2\/posts\/12551\/revisions\/67834"}],"wp:featuredmedia":[{"embeddable":true,"href":"https:\/\/www.kursaal.eus\/en\/wp-json\/wp\/v2\/media\/21556"}],"wp:attachment":[{"href":"https:\/\/www.kursaal.eus\/en\/wp-json\/wp\/v2\/media?parent=12551"}],"wp:term":[{"taxonomy":"category","embeddable":true,"href":"https:\/\/www.kursaal.eus\/en\/wp-json\/wp\/v2\/categories?post=12551"},{"taxonomy":"post_tag","embeddable":true,"href":"https:\/\/www.kursaal.eus\/en\/wp-json\/wp\/v2\/tags?post=12551"}],"curies":[{"name":"wp","href":"https:\/\/api.w.org\/{rel}","templated":true}]}}