{"id":104403,"date":"2026-04-22T11:13:43","date_gmt":"2026-04-22T11:13:43","guid":{"rendered":"https:\/\/www.kursaal.eus\/?p=104403"},"modified":"2026-04-22T11:13:43","modified_gmt":"2026-04-22T11:13:43","slug":"logelan-logale-la-cantata-infantil-que-cambia-vidas-regresa-a-kursaal-eszena","status":"publish","type":"post","link":"https:\/\/www.kursaal.eus\/en\/2026\/04\/logelan-logale-la-cantata-infantil-que-cambia-vidas-regresa-a-kursaal-eszena\/","title":{"rendered":"\u201cLogelan logale\u201d, la cantata infantil que cambia vidas, regresa a Kursaal Eszena"},"content":{"rendered":"<p><strong>Tras un exitoso estreno hace un a\u00f1o, Euskadiko Orkestra ofrece nuevamente, en colaboraci\u00f3n con Kursaal Eszena, su producci\u00f3n propia \u201cLogelan logale\u201d, con libreto de Leire Bilbao y m\u00fasica original de Jagoba Astiazaran, el 21 y 22 de abril en el Auditorio Kursaal de San Sebasti\u00e1n.<\/strong><\/p>\n<p>Profesorado y alumnado de centros participantes manifiestan el efecto positivo de esta iniciativa, hasta el punto de cambiar las vidas y din\u00e1micas de quienes participan en ella. Una cantata infantil \u00edntegramente en euskera es un hecho hist\u00f3rico: hay que remontarse hasta el a\u00f1o 1998 para toparnos, posiblemente, con la \u00faltima vez que algo semejante ocurri\u00f3 (la cantata infantil \u201cJimmy Potxolo\u201d compuesta por Tom\u00e1s Arag\u00fc\u00e9s, con letra de Bernardo Atxaga). Es as\u00ed como se vivi\u00f3 hace exactamente un a\u00f1o el estreno de \u201cLogelan logale\u201d, como un gran acontecimiento musical en el territorio que sus participantes recordar\u00e1n durante muchos a\u00f1os.<\/p>\n<p>Y precisamente por eso, este ambicioso y relevante proyecto no se pod\u00eda quedar ah\u00ed. Vuelve ahora con una segunda edici\u00f3n, que adem\u00e1s crece en n\u00famero de representaciones con respecto a la primera y cumple mejor que nunca con su misi\u00f3n de vertebrar Euskadi a trav\u00e9s del canto. Para ello, como gran novedad este a\u00f1o, tras una nueva serie de tres representaciones de Euskadiko Orkestra en San Sebasti\u00e1n y Vitoria, la cantata llegar\u00e1 tambi\u00e9n con una doble funci\u00f3n a Bilbao, por primera vez. Lo har\u00e1 de la mano de Bilbao Orkestra Sinfonikoa, formaci\u00f3n que tomar\u00e1 el testigo de esta cantata infantil creada e impulsada por Euskadiko Orkestra.<\/p>\n<p>Un proyecto que implica a multitud de agentes. La creaci\u00f3n de una cantata aglutina a muchos agentes y requiere de una gran movilizaci\u00f3n humana. \u201cLogelan logale\u201d cuenta con una propuesta esc\u00e9nica dise\u00f1ada por Mar\u00eda Goiricelaya, direcci\u00f3n musical de Juanjo Oc\u00f3n har\u00e1 y el cantante y actor Kepa Errasti protagonizar\u00e1 la narrativa del cuento; le acompa\u00f1ar\u00e1n Euskadiko Orkestra y el gran coro infantil repartido entre el escenario y el patio de butacas. En total, ser\u00e1n m\u00e1s de 1.400 ni\u00f1as y ni\u00f1os provenientes, por una parte, de cuatro coros-piloto (Easo Eskolania, Andoaingo Udal Musika Eskolako Abesbatza, Hernaniko Udal Musika Eskolako Abesbatza y Zegamako Orkatz Txiki Abesbatza) y, por otra, y en su mayor\u00eda, de grupos de escolares de 22 centros de 5\u00ba y 6\u00ba de Educaci\u00f3n Primaria de Gipuzkoa y Araba. En Bilbao ser\u00e1n 1.700 ni\u00f1as\/os de centros escolares de Bizkaia los que participar\u00e1n en la cantata.<\/p>\n<p>El profesorado de estos centros ha adquirido el compromiso de realizar varias sesiones de formaci\u00f3n en las que se ha trabajado el repertorio, la direcci\u00f3n, la voz, la did\u00e1ctica, la log\u00edstica y la parte esc\u00e9nica, y que han servido para formar a su vez al alumnado a lo largo de todo el curso, con el fin de llegar a los conciertos con la mejor preparaci\u00f3n posible.<\/p>\n<p>18 colegios de Gipuzkoa participan en la iniciativa: Aitor Ikastola, Aitxuri Herri Eskola, Anoetako Herri Ikastola, Antoniano Ikastetxea, Egape Ikastola HLHI, Eguzkitza HLHI, Haztegi Ikastola, Intxaurrondo Hegoa HLHI, Intxaurrondo Ikastola Publikoa, Izarraizpe Ikastola Publikoa, Karmengo Ama IPI, Mary Ward Ikastetxea, San Andres HLHI, San Martin Agirre Herri Eskola, San Martin HLHI, Sasoeta-Zumaburu Ikastetxea, Ugaro Herri Ikastetxea, Xabier Munibe Ikastola.<\/p>\n","protected":false},"excerpt":{"rendered":"<p>Tras un exitoso estreno hace un a\u00f1o, Euskadiko Orkestra ofrece nuevamente, en colaboraci\u00f3n con Kursaal Eszena, su producci\u00f3n propia \u201cLogelan logale\u201d, con libreto de Leire Bilbao y m\u00fasica original de Jagoba Astiazaran, el 21 y [&hellip;]<\/p>\n","protected":false},"author":4,"featured_media":104404,"comment_status":"closed","ping_status":"closed","sticky":false,"template":"","format":"standard","meta":{"_acf_changed":false,"footnotes":""},"categories":[1],"tags":[],"class_list":["post-104403","post","type-post","status-publish","format-standard","has-post-thumbnail","hentry","category-actualidad"],"acf":[],"yoast_head":"<!-- This site is optimized with the Yoast SEO plugin v27.0 - https:\/\/yoast.com\/product\/yoast-seo-wordpress\/ -->\n<title>\u201cLogelan logale\u201d, la cantata infantil que cambia vidas, regresa a Kursaal Eszena - Kursaal Donostia - San Sebasti\u00e1n<\/title>\n<meta name=\"robots\" content=\"index, follow, max-snippet:-1, max-image-preview:large, max-video-preview:-1\" \/>\n<link rel=\"canonical\" href=\"https:\/\/www.kursaal.eus\/es\/2026\/04\/logelan-logale-la-cantata-infantil-que-cambia-vidas-regresa-a-kursaal-eszena\/\" \/>\n<meta property=\"og:locale\" content=\"en_US\" \/>\n<meta property=\"og:type\" content=\"article\" \/>\n<meta property=\"og:title\" content=\"\u201cLogelan logale\u201d, la cantata infantil que cambia vidas, regresa a Kursaal Eszena - Kursaal Donostia - San Sebasti\u00e1n\" \/>\n<meta property=\"og:description\" content=\"Tras un exitoso estreno hace un a\u00f1o, Euskadiko Orkestra ofrece nuevamente, en colaboraci\u00f3n con Kursaal Eszena, su producci\u00f3n propia \u201cLogelan logale\u201d, con libreto de Leire Bilbao y m\u00fasica original de Jagoba Astiazaran, el 21 y [&hellip;]\" \/>\n<meta property=\"og:url\" content=\"https:\/\/www.kursaal.eus\/es\/2026\/04\/logelan-logale-la-cantata-infantil-que-cambia-vidas-regresa-a-kursaal-eszena\/\" \/>\n<meta property=\"og:site_name\" content=\"Kursaal Donostia - San Sebasti\u00e1n\" \/>\n<meta property=\"article:publisher\" content=\"https:\/\/www.facebook.com\/KursaalPalaciodeCongresosBiltzarJauregia\" \/>\n<meta property=\"article:published_time\" content=\"2026-04-22T11:13:43+00:00\" \/>\n<meta property=\"og:image\" content=\"https:\/\/www.kursaal.eus\/wp-content\/uploads\/2026\/04\/KE_LogelanLogale_EuskadikoOrkestra-16.jpg\" \/>\n\t<meta property=\"og:image:width\" content=\"2000\" \/>\n\t<meta property=\"og:image:height\" content=\"1333\" \/>\n\t<meta property=\"og:image:type\" content=\"image\/jpeg\" \/>\n<meta name=\"author\" content=\"itziar_larranaga\" \/>\n<meta name=\"twitter:label1\" content=\"Written by\" \/>\n\t<meta name=\"twitter:data1\" content=\"itziar_larranaga\" \/>\n\t<meta name=\"twitter:label2\" content=\"Est. reading time\" \/>\n\t<meta name=\"twitter:data2\" content=\"3 minutes\" \/>\n<script type=\"application\/ld+json\" class=\"yoast-schema-graph\">{\"@context\":\"https:\/\/schema.org\",\"@graph\":[{\"@type\":\"Article\",\"@id\":\"https:\/\/www.kursaal.eus\/es\/2026\/04\/logelan-logale-la-cantata-infantil-que-cambia-vidas-regresa-a-kursaal-eszena\/#article\",\"isPartOf\":{\"@id\":\"https:\/\/www.kursaal.eus\/es\/2026\/04\/logelan-logale-la-cantata-infantil-que-cambia-vidas-regresa-a-kursaal-eszena\/\"},\"author\":{\"name\":\"itziar_larranaga\",\"@id\":\"https:\/\/www.kursaal.eus\/es\/#\/schema\/person\/fba65efb8aeb31214b751431353aa2fa\"},\"headline\":\"\u201cLogelan logale\u201d, la cantata infantil que cambia vidas, regresa a Kursaal Eszena\",\"datePublished\":\"2026-04-22T11:13:43+00:00\",\"mainEntityOfPage\":{\"@id\":\"https:\/\/www.kursaal.eus\/es\/2026\/04\/logelan-logale-la-cantata-infantil-que-cambia-vidas-regresa-a-kursaal-eszena\/\"},\"wordCount\":571,\"image\":{\"@id\":\"https:\/\/www.kursaal.eus\/es\/2026\/04\/logelan-logale-la-cantata-infantil-que-cambia-vidas-regresa-a-kursaal-eszena\/#primaryimage\"},\"thumbnailUrl\":\"https:\/\/www.kursaal.eus\/wp-content\/uploads\/2026\/04\/KE_LogelanLogale_EuskadikoOrkestra-16.jpg\",\"articleSection\":[\"Actualidad\"],\"inLanguage\":\"en-EN\"},{\"@type\":\"WebPage\",\"@id\":\"https:\/\/www.kursaal.eus\/es\/2026\/04\/logelan-logale-la-cantata-infantil-que-cambia-vidas-regresa-a-kursaal-eszena\/\",\"url\":\"https:\/\/www.kursaal.eus\/es\/2026\/04\/logelan-logale-la-cantata-infantil-que-cambia-vidas-regresa-a-kursaal-eszena\/\",\"name\":\"\u201cLogelan logale\u201d, la cantata infantil que cambia vidas, regresa a Kursaal Eszena - Kursaal Donostia - San Sebasti\u00e1n\",\"isPartOf\":{\"@id\":\"https:\/\/www.kursaal.eus\/es\/#website\"},\"primaryImageOfPage\":{\"@id\":\"https:\/\/www.kursaal.eus\/es\/2026\/04\/logelan-logale-la-cantata-infantil-que-cambia-vidas-regresa-a-kursaal-eszena\/#primaryimage\"},\"image\":{\"@id\":\"https:\/\/www.kursaal.eus\/es\/2026\/04\/logelan-logale-la-cantata-infantil-que-cambia-vidas-regresa-a-kursaal-eszena\/#primaryimage\"},\"thumbnailUrl\":\"https:\/\/www.kursaal.eus\/wp-content\/uploads\/2026\/04\/KE_LogelanLogale_EuskadikoOrkestra-16.jpg\",\"datePublished\":\"2026-04-22T11:13:43+00:00\",\"author\":{\"@id\":\"https:\/\/www.kursaal.eus\/es\/#\/schema\/person\/fba65efb8aeb31214b751431353aa2fa\"},\"inLanguage\":\"en-EN\",\"potentialAction\":[{\"@type\":\"ReadAction\",\"target\":[\"https:\/\/www.kursaal.eus\/es\/2026\/04\/logelan-logale-la-cantata-infantil-que-cambia-vidas-regresa-a-kursaal-eszena\/\"]}]},{\"@type\":\"ImageObject\",\"inLanguage\":\"en-EN\",\"@id\":\"https:\/\/www.kursaal.eus\/es\/2026\/04\/logelan-logale-la-cantata-infantil-que-cambia-vidas-regresa-a-kursaal-eszena\/#primaryimage\",\"url\":\"https:\/\/www.kursaal.eus\/wp-content\/uploads\/2026\/04\/KE_LogelanLogale_EuskadikoOrkestra-16.jpg\",\"contentUrl\":\"https:\/\/www.kursaal.eus\/wp-content\/uploads\/2026\/04\/KE_LogelanLogale_EuskadikoOrkestra-16.jpg\",\"width\":2000,\"height\":1333},{\"@type\":\"WebSite\",\"@id\":\"https:\/\/www.kursaal.eus\/es\/#website\",\"url\":\"https:\/\/www.kursaal.eus\/es\/\",\"name\":\"Kursaal Donostia - San Sebasti\u00e1n\",\"description\":\"Palacio de Congresos y Auditorio\",\"potentialAction\":[{\"@type\":\"SearchAction\",\"target\":{\"@type\":\"EntryPoint\",\"urlTemplate\":\"https:\/\/www.kursaal.eus\/es\/?s={search_term_string}\"},\"query-input\":{\"@type\":\"PropertyValueSpecification\",\"valueRequired\":true,\"valueName\":\"search_term_string\"}}],\"inLanguage\":\"en-EN\"},{\"@type\":\"Person\",\"@id\":\"https:\/\/www.kursaal.eus\/es\/#\/schema\/person\/fba65efb8aeb31214b751431353aa2fa\",\"name\":\"itziar_larranaga\",\"image\":{\"@type\":\"ImageObject\",\"inLanguage\":\"en-EN\",\"@id\":\"https:\/\/www.kursaal.eus\/es\/#\/schema\/person\/image\/\",\"url\":\"https:\/\/secure.gravatar.com\/avatar\/bb727cdfc19c38a97b67e43c8f3bbfcc12154d5a85d0b063db2d449985d41ab4?s=96&d=mm&r=g\",\"contentUrl\":\"https:\/\/secure.gravatar.com\/avatar\/bb727cdfc19c38a97b67e43c8f3bbfcc12154d5a85d0b063db2d449985d41ab4?s=96&d=mm&r=g\",\"caption\":\"itziar_larranaga\"},\"url\":\"https:\/\/www.kursaal.eus\/en\/author\/auria_etxeandia\/\"}]}<\/script>\n<!-- \/ Yoast SEO plugin. -->","yoast_head_json":{"title":"\u201cLogelan logale\u201d, la cantata infantil que cambia vidas, regresa a Kursaal Eszena - Kursaal Donostia - San Sebasti\u00e1n","robots":{"index":"index","follow":"follow","max-snippet":"max-snippet:-1","max-image-preview":"max-image-preview:large","max-video-preview":"max-video-preview:-1"},"canonical":"https:\/\/www.kursaal.eus\/es\/2026\/04\/logelan-logale-la-cantata-infantil-que-cambia-vidas-regresa-a-kursaal-eszena\/","og_locale":"en_US","og_type":"article","og_title":"\u201cLogelan logale\u201d, la cantata infantil que cambia vidas, regresa a Kursaal Eszena - Kursaal Donostia - San Sebasti\u00e1n","og_description":"Tras un exitoso estreno hace un a\u00f1o, Euskadiko Orkestra ofrece nuevamente, en colaboraci\u00f3n con Kursaal Eszena, su producci\u00f3n propia \u201cLogelan logale\u201d, con libreto de Leire Bilbao y m\u00fasica original de Jagoba Astiazaran, el 21 y [&hellip;]","og_url":"https:\/\/www.kursaal.eus\/es\/2026\/04\/logelan-logale-la-cantata-infantil-que-cambia-vidas-regresa-a-kursaal-eszena\/","og_site_name":"Kursaal Donostia - San Sebasti\u00e1n","article_publisher":"https:\/\/www.facebook.com\/KursaalPalaciodeCongresosBiltzarJauregia","article_published_time":"2026-04-22T11:13:43+00:00","og_image":[{"url":"https:\/\/www.kursaal.eus\/wp-content\/uploads\/2026\/04\/KE_LogelanLogale_EuskadikoOrkestra-16.jpg","width":2000,"height":1333,"type":"image\/jpeg"}],"author":"itziar_larranaga","twitter_misc":{"Written by":"itziar_larranaga","Est. reading time":"3 minutes"},"schema":{"@context":"https:\/\/schema.org","@graph":[{"@type":"Article","@id":"https:\/\/www.kursaal.eus\/es\/2026\/04\/logelan-logale-la-cantata-infantil-que-cambia-vidas-regresa-a-kursaal-eszena\/#article","isPartOf":{"@id":"https:\/\/www.kursaal.eus\/es\/2026\/04\/logelan-logale-la-cantata-infantil-que-cambia-vidas-regresa-a-kursaal-eszena\/"},"author":{"name":"itziar_larranaga","@id":"https:\/\/www.kursaal.eus\/es\/#\/schema\/person\/fba65efb8aeb31214b751431353aa2fa"},"headline":"\u201cLogelan logale\u201d, la cantata infantil que cambia vidas, regresa a Kursaal Eszena","datePublished":"2026-04-22T11:13:43+00:00","mainEntityOfPage":{"@id":"https:\/\/www.kursaal.eus\/es\/2026\/04\/logelan-logale-la-cantata-infantil-que-cambia-vidas-regresa-a-kursaal-eszena\/"},"wordCount":571,"image":{"@id":"https:\/\/www.kursaal.eus\/es\/2026\/04\/logelan-logale-la-cantata-infantil-que-cambia-vidas-regresa-a-kursaal-eszena\/#primaryimage"},"thumbnailUrl":"https:\/\/www.kursaal.eus\/wp-content\/uploads\/2026\/04\/KE_LogelanLogale_EuskadikoOrkestra-16.jpg","articleSection":["Actualidad"],"inLanguage":"en-EN"},{"@type":"WebPage","@id":"https:\/\/www.kursaal.eus\/es\/2026\/04\/logelan-logale-la-cantata-infantil-que-cambia-vidas-regresa-a-kursaal-eszena\/","url":"https:\/\/www.kursaal.eus\/es\/2026\/04\/logelan-logale-la-cantata-infantil-que-cambia-vidas-regresa-a-kursaal-eszena\/","name":"\u201cLogelan logale\u201d, la cantata infantil que cambia vidas, regresa a Kursaal Eszena - Kursaal Donostia - San Sebasti\u00e1n","isPartOf":{"@id":"https:\/\/www.kursaal.eus\/es\/#website"},"primaryImageOfPage":{"@id":"https:\/\/www.kursaal.eus\/es\/2026\/04\/logelan-logale-la-cantata-infantil-que-cambia-vidas-regresa-a-kursaal-eszena\/#primaryimage"},"image":{"@id":"https:\/\/www.kursaal.eus\/es\/2026\/04\/logelan-logale-la-cantata-infantil-que-cambia-vidas-regresa-a-kursaal-eszena\/#primaryimage"},"thumbnailUrl":"https:\/\/www.kursaal.eus\/wp-content\/uploads\/2026\/04\/KE_LogelanLogale_EuskadikoOrkestra-16.jpg","datePublished":"2026-04-22T11:13:43+00:00","author":{"@id":"https:\/\/www.kursaal.eus\/es\/#\/schema\/person\/fba65efb8aeb31214b751431353aa2fa"},"inLanguage":"en-EN","potentialAction":[{"@type":"ReadAction","target":["https:\/\/www.kursaal.eus\/es\/2026\/04\/logelan-logale-la-cantata-infantil-que-cambia-vidas-regresa-a-kursaal-eszena\/"]}]},{"@type":"ImageObject","inLanguage":"en-EN","@id":"https:\/\/www.kursaal.eus\/es\/2026\/04\/logelan-logale-la-cantata-infantil-que-cambia-vidas-regresa-a-kursaal-eszena\/#primaryimage","url":"https:\/\/www.kursaal.eus\/wp-content\/uploads\/2026\/04\/KE_LogelanLogale_EuskadikoOrkestra-16.jpg","contentUrl":"https:\/\/www.kursaal.eus\/wp-content\/uploads\/2026\/04\/KE_LogelanLogale_EuskadikoOrkestra-16.jpg","width":2000,"height":1333},{"@type":"WebSite","@id":"https:\/\/www.kursaal.eus\/es\/#website","url":"https:\/\/www.kursaal.eus\/es\/","name":"Kursaal Donostia - San Sebasti\u00e1n","description":"Palacio de Congresos y Auditorio","potentialAction":[{"@type":"SearchAction","target":{"@type":"EntryPoint","urlTemplate":"https:\/\/www.kursaal.eus\/es\/?s={search_term_string}"},"query-input":{"@type":"PropertyValueSpecification","valueRequired":true,"valueName":"search_term_string"}}],"inLanguage":"en-EN"},{"@type":"Person","@id":"https:\/\/www.kursaal.eus\/es\/#\/schema\/person\/fba65efb8aeb31214b751431353aa2fa","name":"itziar_larranaga","image":{"@type":"ImageObject","inLanguage":"en-EN","@id":"https:\/\/www.kursaal.eus\/es\/#\/schema\/person\/image\/","url":"https:\/\/secure.gravatar.com\/avatar\/bb727cdfc19c38a97b67e43c8f3bbfcc12154d5a85d0b063db2d449985d41ab4?s=96&d=mm&r=g","contentUrl":"https:\/\/secure.gravatar.com\/avatar\/bb727cdfc19c38a97b67e43c8f3bbfcc12154d5a85d0b063db2d449985d41ab4?s=96&d=mm&r=g","caption":"itziar_larranaga"},"url":"https:\/\/www.kursaal.eus\/en\/author\/auria_etxeandia\/"}]}},"_links":{"self":[{"href":"https:\/\/www.kursaal.eus\/en\/wp-json\/wp\/v2\/posts\/104403","targetHints":{"allow":["GET"]}}],"collection":[{"href":"https:\/\/www.kursaal.eus\/en\/wp-json\/wp\/v2\/posts"}],"about":[{"href":"https:\/\/www.kursaal.eus\/en\/wp-json\/wp\/v2\/types\/post"}],"author":[{"embeddable":true,"href":"https:\/\/www.kursaal.eus\/en\/wp-json\/wp\/v2\/users\/4"}],"replies":[{"embeddable":true,"href":"https:\/\/www.kursaal.eus\/en\/wp-json\/wp\/v2\/comments?post=104403"}],"version-history":[{"count":1,"href":"https:\/\/www.kursaal.eus\/en\/wp-json\/wp\/v2\/posts\/104403\/revisions"}],"predecessor-version":[{"id":104408,"href":"https:\/\/www.kursaal.eus\/en\/wp-json\/wp\/v2\/posts\/104403\/revisions\/104408"}],"wp:featuredmedia":[{"embeddable":true,"href":"https:\/\/www.kursaal.eus\/en\/wp-json\/wp\/v2\/media\/104404"}],"wp:attachment":[{"href":"https:\/\/www.kursaal.eus\/en\/wp-json\/wp\/v2\/media?parent=104403"}],"wp:term":[{"taxonomy":"category","embeddable":true,"href":"https:\/\/www.kursaal.eus\/en\/wp-json\/wp\/v2\/categories?post=104403"},{"taxonomy":"post_tag","embeddable":true,"href":"https:\/\/www.kursaal.eus\/en\/wp-json\/wp\/v2\/tags?post=104403"}],"curies":[{"name":"wp","href":"https:\/\/api.w.org\/{rel}","templated":true}]}}