{"id":103802,"date":"2025-09-28T12:41:48","date_gmt":"2025-09-28T12:41:48","guid":{"rendered":"https:\/\/www.kursaal.eus\/2026\/03\/festival-internacional-de-cine-de-san-sebastian-2025\/"},"modified":"2026-03-25T11:39:45","modified_gmt":"2026-03-25T11:39:45","slug":"festival-internacional-de-cine-de-san-sebastian-2025","status":"publish","type":"post","link":"https:\/\/www.kursaal.eus\/en\/2025\/09\/festival-internacional-de-cine-de-san-sebastian-2025\/","title":{"rendered":"Festival Internacional de Cine de San Sebasti\u00e1n 2025"},"content":{"rendered":"<p>El Festival Internacional de Cine de San Sebasti\u00e1n celebr\u00f3 su 73\u00aa edici\u00f3n del 19 al 27 de septiembre de 2025, consolidando una vez m\u00e1s a la ciudad como uno de los grandes referentes del cine a nivel mundial. El Kursaal fue el principal escenario del certamen, acogiendo estrenos internacionales, galas oficiales y encuentros profesionales en sus diferentes espacios.<\/p>\n<p>A lo largo de nueve d\u00edas, el Kursaal se transform\u00f3 para albergar una intensa actividad cultural: auditorios preparados para proyecciones de primer nivel, zonas de acreditaci\u00f3n y prensa, espacios para eventos y encuentros, y \u00e1reas adaptadas para recibir a invitados, profesionales y p\u00fablico. Cada rinc\u00f3n del edificio reflej\u00f3 la magnitud y organizaci\u00f3n de un festival de referencia internacional.<\/p>\n<p>Las im\u00e1genes de esta galer\u00eda muestran precisamente esos espacios y su ambientaci\u00f3n durante el evento: la preparaci\u00f3n de las salas, los accesos, las zonas de encuentro y la vida que se genera entre proyecci\u00f3n y proyecci\u00f3n. Un recorrido visual que pone en valor la versatilidad del Kursaal y su papel esencial como infraestructura clave en el desarrollo del festival.<\/p>\n<div class=\"row\"><div class=\"col-md-4\"><a href=\"https:\/\/www.kursaal.eus\/wp-content\/uploads\/2026\/03\/img_50255.jpg\" class=\"boxer\" rel=\"galeria\" title=\"\"><img loading=\"lazy\" decoding=\"async\" width=\"270\" height=\"270\" src=\"https:\/\/www.kursaal.eus\/wp-content\/uploads\/2026\/03\/img_50255-270x270.jpg\" class=\"img-fluid\" alt=\"\" srcset=\"https:\/\/www.kursaal.eus\/wp-content\/uploads\/2026\/03\/img_50255-270x270.jpg 270w, https:\/\/www.kursaal.eus\/wp-content\/uploads\/2026\/03\/img_50255-572x572.jpg 572w, https:\/\/www.kursaal.eus\/wp-content\/uploads\/2026\/03\/img_50255-600x600.jpg 600w\" sizes=\"auto, (max-width: 270px) 100vw, 270px\" \/><\/a><\/div><div class=\"col-md-4\"><a href=\"https:\/\/www.kursaal.eus\/wp-content\/uploads\/2026\/03\/img_52564.jpg\" class=\"boxer\" rel=\"galeria\" title=\"\"><img loading=\"lazy\" decoding=\"async\" width=\"270\" height=\"270\" src=\"https:\/\/www.kursaal.eus\/wp-content\/uploads\/2026\/03\/img_52564-270x270.jpg\" class=\"img-fluid\" alt=\"\" srcset=\"https:\/\/www.kursaal.eus\/wp-content\/uploads\/2026\/03\/img_52564-270x270.jpg 270w, https:\/\/www.kursaal.eus\/wp-content\/uploads\/2026\/03\/img_52564-572x572.jpg 572w, https:\/\/www.kursaal.eus\/wp-content\/uploads\/2026\/03\/img_52564-600x600.jpg 600w\" sizes=\"auto, (max-width: 270px) 100vw, 270px\" \/><\/a><\/div><div class=\"col-md-4\"><a href=\"https:\/\/www.kursaal.eus\/wp-content\/uploads\/2026\/03\/img_51623.jpg\" class=\"boxer\" rel=\"galeria\" title=\"\"><img loading=\"lazy\" decoding=\"async\" width=\"270\" height=\"270\" src=\"https:\/\/www.kursaal.eus\/wp-content\/uploads\/2026\/03\/img_51623-270x270.jpg\" class=\"img-fluid\" alt=\"\" srcset=\"https:\/\/www.kursaal.eus\/wp-content\/uploads\/2026\/03\/img_51623-270x270.jpg 270w, https:\/\/www.kursaal.eus\/wp-content\/uploads\/2026\/03\/img_51623-572x572.jpg 572w, https:\/\/www.kursaal.eus\/wp-content\/uploads\/2026\/03\/img_51623-600x600.jpg 600w\" sizes=\"auto, (max-width: 270px) 100vw, 270px\" \/><\/a><\/div><div class=\"col-md-4\"><a href=\"https:\/\/www.kursaal.eus\/wp-content\/uploads\/2026\/03\/img_52456.jpg\" class=\"boxer\" rel=\"galeria\" title=\"\"><img loading=\"lazy\" decoding=\"async\" width=\"270\" height=\"270\" src=\"https:\/\/www.kursaal.eus\/wp-content\/uploads\/2026\/03\/img_52456-270x270.jpg\" class=\"img-fluid\" alt=\"\" srcset=\"https:\/\/www.kursaal.eus\/wp-content\/uploads\/2026\/03\/img_52456-270x270.jpg 270w, https:\/\/www.kursaal.eus\/wp-content\/uploads\/2026\/03\/img_52456-572x572.jpg 572w, https:\/\/www.kursaal.eus\/wp-content\/uploads\/2026\/03\/img_52456-600x600.jpg 600w\" sizes=\"auto, (max-width: 270px) 100vw, 270px\" \/><\/a><\/div><div class=\"col-md-4\"><a href=\"https:\/\/www.kursaal.eus\/wp-content\/uploads\/2026\/03\/20250926_221757-scaled.jpg\" class=\"boxer\" rel=\"galeria\" title=\"\"><img loading=\"lazy\" decoding=\"async\" width=\"270\" height=\"270\" src=\"https:\/\/www.kursaal.eus\/wp-content\/uploads\/2026\/03\/20250926_221757-270x270.jpg\" class=\"img-fluid\" alt=\"\" srcset=\"https:\/\/www.kursaal.eus\/wp-content\/uploads\/2026\/03\/20250926_221757-270x270.jpg 270w, https:\/\/www.kursaal.eus\/wp-content\/uploads\/2026\/03\/20250926_221757-572x572.jpg 572w, https:\/\/www.kursaal.eus\/wp-content\/uploads\/2026\/03\/20250926_221757-600x600.jpg 600w, https:\/\/www.kursaal.eus\/wp-content\/uploads\/2026\/03\/20250926_221757-1080x1080.jpg 1080w\" sizes=\"auto, (max-width: 270px) 100vw, 270px\" \/><\/a><\/div><div class=\"col-md-4\"><a href=\"https:\/\/www.kursaal.eus\/wp-content\/uploads\/2026\/03\/img_51246.jpg\" class=\"boxer\" rel=\"galeria\" title=\"\"><img loading=\"lazy\" decoding=\"async\" width=\"270\" height=\"270\" src=\"https:\/\/www.kursaal.eus\/wp-content\/uploads\/2026\/03\/img_51246-270x270.jpg\" class=\"img-fluid\" alt=\"\" srcset=\"https:\/\/www.kursaal.eus\/wp-content\/uploads\/2026\/03\/img_51246-270x270.jpg 270w, https:\/\/www.kursaal.eus\/wp-content\/uploads\/2026\/03\/img_51246-572x572.jpg 572w, https:\/\/www.kursaal.eus\/wp-content\/uploads\/2026\/03\/img_51246-600x600.jpg 600w\" sizes=\"auto, (max-width: 270px) 100vw, 270px\" \/><\/a><\/div><div class=\"col-md-4\"><a href=\"https:\/\/www.kursaal.eus\/wp-content\/uploads\/2026\/03\/img_51068.jpg\" class=\"boxer\" rel=\"galeria\" title=\"\"><img loading=\"lazy\" decoding=\"async\" width=\"270\" height=\"270\" src=\"https:\/\/www.kursaal.eus\/wp-content\/uploads\/2026\/03\/img_51068-270x270.jpg\" class=\"img-fluid\" alt=\"\" srcset=\"https:\/\/www.kursaal.eus\/wp-content\/uploads\/2026\/03\/img_51068-270x270.jpg 270w, https:\/\/www.kursaal.eus\/wp-content\/uploads\/2026\/03\/img_51068-572x572.jpg 572w, https:\/\/www.kursaal.eus\/wp-content\/uploads\/2026\/03\/img_51068-600x600.jpg 600w\" sizes=\"auto, (max-width: 270px) 100vw, 270px\" \/><\/a><\/div><div class=\"col-md-4\"><a href=\"https:\/\/www.kursaal.eus\/wp-content\/uploads\/2026\/03\/img_51098.jpg\" class=\"boxer\" rel=\"galeria\" title=\"\"><img loading=\"lazy\" decoding=\"async\" width=\"270\" height=\"270\" src=\"https:\/\/www.kursaal.eus\/wp-content\/uploads\/2026\/03\/img_51098-270x270.jpg\" class=\"img-fluid\" alt=\"\" srcset=\"https:\/\/www.kursaal.eus\/wp-content\/uploads\/2026\/03\/img_51098-270x270.jpg 270w, https:\/\/www.kursaal.eus\/wp-content\/uploads\/2026\/03\/img_51098-572x572.jpg 572w, https:\/\/www.kursaal.eus\/wp-content\/uploads\/2026\/03\/img_51098-600x600.jpg 600w\" sizes=\"auto, (max-width: 270px) 100vw, 270px\" \/><\/a><\/div><div class=\"col-md-4\"><a href=\"https:\/\/www.kursaal.eus\/wp-content\/uploads\/2026\/03\/img_51773.jpg\" class=\"boxer\" rel=\"galeria\" title=\"\"><img loading=\"lazy\" decoding=\"async\" width=\"270\" height=\"270\" src=\"https:\/\/www.kursaal.eus\/wp-content\/uploads\/2026\/03\/img_51773-270x270.jpg\" class=\"img-fluid\" alt=\"\" srcset=\"https:\/\/www.kursaal.eus\/wp-content\/uploads\/2026\/03\/img_51773-270x270.jpg 270w, https:\/\/www.kursaal.eus\/wp-content\/uploads\/2026\/03\/img_51773-572x572.jpg 572w, https:\/\/www.kursaal.eus\/wp-content\/uploads\/2026\/03\/img_51773-600x600.jpg 600w\" sizes=\"auto, (max-width: 270px) 100vw, 270px\" \/><\/a><\/div><div class=\"col-md-4\"><a href=\"https:\/\/www.kursaal.eus\/wp-content\/uploads\/2026\/03\/img_52503.jpg\" class=\"boxer\" rel=\"galeria\" title=\"\"><img loading=\"lazy\" decoding=\"async\" width=\"270\" height=\"270\" src=\"https:\/\/www.kursaal.eus\/wp-content\/uploads\/2026\/03\/img_52503-270x270.jpg\" class=\"img-fluid\" alt=\"\" srcset=\"https:\/\/www.kursaal.eus\/wp-content\/uploads\/2026\/03\/img_52503-270x270.jpg 270w, https:\/\/www.kursaal.eus\/wp-content\/uploads\/2026\/03\/img_52503-572x572.jpg 572w, https:\/\/www.kursaal.eus\/wp-content\/uploads\/2026\/03\/img_52503-600x600.jpg 600w\" sizes=\"auto, (max-width: 270px) 100vw, 270px\" \/><\/a><\/div><div class=\"col-md-4\"><a href=\"https:\/\/www.kursaal.eus\/wp-content\/uploads\/2026\/03\/20250926_221337-scaled.jpg\" class=\"boxer\" rel=\"galeria\" title=\"\"><img loading=\"lazy\" decoding=\"async\" width=\"270\" height=\"270\" src=\"https:\/\/www.kursaal.eus\/wp-content\/uploads\/2026\/03\/20250926_221337-270x270.jpg\" class=\"img-fluid\" alt=\"\" srcset=\"https:\/\/www.kursaal.eus\/wp-content\/uploads\/2026\/03\/20250926_221337-270x270.jpg 270w, https:\/\/www.kursaal.eus\/wp-content\/uploads\/2026\/03\/20250926_221337-572x572.jpg 572w, https:\/\/www.kursaal.eus\/wp-content\/uploads\/2026\/03\/20250926_221337-600x600.jpg 600w, https:\/\/www.kursaal.eus\/wp-content\/uploads\/2026\/03\/20250926_221337-1080x1080.jpg 1080w\" sizes=\"auto, (max-width: 270px) 100vw, 270px\" \/><\/a><\/div><\/div><!-- #.row -->\n","protected":false},"excerpt":{"rendered":"<p>El Festival Internacional de Cine de San Sebasti\u00e1n celebr\u00f3 su 73\u00aa edici\u00f3n del 19 al 27 de septiembre de 2025, consolidando una vez m\u00e1s a la ciudad como uno de los grandes referentes del cine [&hellip;]<\/p>\n","protected":false},"author":10000092,"featured_media":103710,"comment_status":"closed","ping_status":"closed","sticky":false,"template":"","format":"gallery","meta":{"_acf_changed":false,"footnotes":""},"categories":[78],"tags":[],"class_list":["post-103802","post","type-post","status-publish","format-gallery","has-post-thumbnail","hentry","category-event-record","post_format-post-format-gallery"],"acf":[],"yoast_head":"<!-- This site is optimized with the Yoast SEO plugin v27.0 - https:\/\/yoast.com\/product\/yoast-seo-wordpress\/ -->\n<title>Festival Internacional de Cine de San Sebasti\u00e1n 2025 - Kursaal Donostia - San Sebasti\u00e1n<\/title>\n<meta name=\"robots\" content=\"index, follow, max-snippet:-1, max-image-preview:large, max-video-preview:-1\" \/>\n<link rel=\"canonical\" href=\"https:\/\/www.kursaal.eus\/en\/2025\/09\/festival-internacional-de-cine-de-san-sebastian-2025\/\" \/>\n<meta property=\"og:locale\" content=\"en_US\" \/>\n<meta property=\"og:type\" content=\"article\" \/>\n<meta property=\"og:title\" content=\"Festival Internacional de Cine de San Sebasti\u00e1n 2025 - Kursaal Donostia - San Sebasti\u00e1n\" \/>\n<meta property=\"og:description\" content=\"El Festival Internacional de Cine de San Sebasti\u00e1n celebr\u00f3 su 73\u00aa edici\u00f3n del 19 al 27 de septiembre de 2025, consolidando una vez m\u00e1s a la ciudad como uno de los grandes referentes del cine [&hellip;]\" \/>\n<meta property=\"og:url\" content=\"https:\/\/www.kursaal.eus\/en\/2025\/09\/festival-internacional-de-cine-de-san-sebastian-2025\/\" \/>\n<meta property=\"og:site_name\" content=\"Kursaal Donostia - San Sebasti\u00e1n\" \/>\n<meta property=\"article:publisher\" content=\"https:\/\/www.facebook.com\/KursaalPalaciodeCongresosBiltzarJauregia\" \/>\n<meta property=\"article:published_time\" content=\"2025-09-28T12:41:48+00:00\" \/>\n<meta property=\"article:modified_time\" content=\"2026-03-25T11:39:45+00:00\" \/>\n<meta property=\"og:image\" content=\"https:\/\/www.kursaal.eus\/wp-content\/uploads\/2026\/03\/20250926_221757-scaled.jpg\" \/>\n\t<meta property=\"og:image:width\" content=\"2560\" \/>\n\t<meta property=\"og:image:height\" content=\"1441\" \/>\n\t<meta property=\"og:image:type\" content=\"image\/jpeg\" \/>\n<meta name=\"author\" content=\"Practicas\" \/>\n<meta name=\"twitter:label1\" content=\"Written by\" \/>\n\t<meta name=\"twitter:data1\" content=\"Practicas\" \/>\n\t<meta name=\"twitter:label2\" content=\"Est. reading time\" \/>\n\t<meta name=\"twitter:data2\" content=\"2 minutes\" \/>\n<script type=\"application\/ld+json\" class=\"yoast-schema-graph\">{\"@context\":\"https:\/\/schema.org\",\"@graph\":[{\"@type\":\"Article\",\"@id\":\"https:\/\/www.kursaal.eus\/en\/2025\/09\/festival-internacional-de-cine-de-san-sebastian-2025\/#article\",\"isPartOf\":{\"@id\":\"https:\/\/www.kursaal.eus\/en\/2025\/09\/festival-internacional-de-cine-de-san-sebastian-2025\/\"},\"author\":{\"name\":\"Practicas\",\"@id\":\"https:\/\/www.kursaal.eus\/es\/#\/schema\/person\/6bb0046f22ccaeaed2c144730cc7cba7\"},\"headline\":\"Festival Internacional de Cine de San Sebasti\u00e1n 2025\",\"datePublished\":\"2025-09-28T12:41:48+00:00\",\"dateModified\":\"2026-03-25T11:39:45+00:00\",\"mainEntityOfPage\":{\"@id\":\"https:\/\/www.kursaal.eus\/en\/2025\/09\/festival-internacional-de-cine-de-san-sebastian-2025\/\"},\"wordCount\":195,\"image\":{\"@id\":\"https:\/\/www.kursaal.eus\/en\/2025\/09\/festival-internacional-de-cine-de-san-sebastian-2025\/#primaryimage\"},\"thumbnailUrl\":\"https:\/\/www.kursaal.eus\/wp-content\/uploads\/2026\/03\/20250926_221757-scaled.jpg\",\"articleSection\":[\"Event record\"],\"inLanguage\":\"en-EN\"},{\"@type\":\"WebPage\",\"@id\":\"https:\/\/www.kursaal.eus\/en\/2025\/09\/festival-internacional-de-cine-de-san-sebastian-2025\/\",\"url\":\"https:\/\/www.kursaal.eus\/en\/2025\/09\/festival-internacional-de-cine-de-san-sebastian-2025\/\",\"name\":\"Festival Internacional de Cine de San Sebasti\u00e1n 2025 - Kursaal Donostia - San Sebasti\u00e1n\",\"isPartOf\":{\"@id\":\"https:\/\/www.kursaal.eus\/es\/#website\"},\"primaryImageOfPage\":{\"@id\":\"https:\/\/www.kursaal.eus\/en\/2025\/09\/festival-internacional-de-cine-de-san-sebastian-2025\/#primaryimage\"},\"image\":{\"@id\":\"https:\/\/www.kursaal.eus\/en\/2025\/09\/festival-internacional-de-cine-de-san-sebastian-2025\/#primaryimage\"},\"thumbnailUrl\":\"https:\/\/www.kursaal.eus\/wp-content\/uploads\/2026\/03\/20250926_221757-scaled.jpg\",\"datePublished\":\"2025-09-28T12:41:48+00:00\",\"dateModified\":\"2026-03-25T11:39:45+00:00\",\"author\":{\"@id\":\"https:\/\/www.kursaal.eus\/es\/#\/schema\/person\/6bb0046f22ccaeaed2c144730cc7cba7\"},\"inLanguage\":\"en-EN\",\"potentialAction\":[{\"@type\":\"ReadAction\",\"target\":[\"https:\/\/www.kursaal.eus\/en\/2025\/09\/festival-internacional-de-cine-de-san-sebastian-2025\/\"]}]},{\"@type\":\"ImageObject\",\"inLanguage\":\"en-EN\",\"@id\":\"https:\/\/www.kursaal.eus\/en\/2025\/09\/festival-internacional-de-cine-de-san-sebastian-2025\/#primaryimage\",\"url\":\"https:\/\/www.kursaal.eus\/wp-content\/uploads\/2026\/03\/20250926_221757-scaled.jpg\",\"contentUrl\":\"https:\/\/www.kursaal.eus\/wp-content\/uploads\/2026\/03\/20250926_221757-scaled.jpg\",\"width\":2560,\"height\":1441},{\"@type\":\"WebSite\",\"@id\":\"https:\/\/www.kursaal.eus\/es\/#website\",\"url\":\"https:\/\/www.kursaal.eus\/es\/\",\"name\":\"Kursaal Donostia - San Sebasti\u00e1n\",\"description\":\"Palacio de Congresos y Auditorio\",\"potentialAction\":[{\"@type\":\"SearchAction\",\"target\":{\"@type\":\"EntryPoint\",\"urlTemplate\":\"https:\/\/www.kursaal.eus\/es\/?s={search_term_string}\"},\"query-input\":{\"@type\":\"PropertyValueSpecification\",\"valueRequired\":true,\"valueName\":\"search_term_string\"}}],\"inLanguage\":\"en-EN\"},{\"@type\":\"Person\",\"@id\":\"https:\/\/www.kursaal.eus\/es\/#\/schema\/person\/6bb0046f22ccaeaed2c144730cc7cba7\",\"name\":\"Practicas\",\"image\":{\"@type\":\"ImageObject\",\"inLanguage\":\"en-EN\",\"@id\":\"https:\/\/www.kursaal.eus\/es\/#\/schema\/person\/image\/\",\"url\":\"https:\/\/secure.gravatar.com\/avatar\/0c6f0e7e0fac026d680a98f10e4a96dcf34d9752f41fa0246f470b21a27b5759?s=96&d=mm&r=g\",\"contentUrl\":\"https:\/\/secure.gravatar.com\/avatar\/0c6f0e7e0fac026d680a98f10e4a96dcf34d9752f41fa0246f470b21a27b5759?s=96&d=mm&r=g\",\"caption\":\"Practicas\"},\"url\":\"https:\/\/www.kursaal.eus\/en\/author\/practicas\/\"}]}<\/script>\n<!-- \/ Yoast SEO plugin. -->","yoast_head_json":{"title":"Festival Internacional de Cine de San Sebasti\u00e1n 2025 - Kursaal Donostia - San Sebasti\u00e1n","robots":{"index":"index","follow":"follow","max-snippet":"max-snippet:-1","max-image-preview":"max-image-preview:large","max-video-preview":"max-video-preview:-1"},"canonical":"https:\/\/www.kursaal.eus\/en\/2025\/09\/festival-internacional-de-cine-de-san-sebastian-2025\/","og_locale":"en_US","og_type":"article","og_title":"Festival Internacional de Cine de San Sebasti\u00e1n 2025 - Kursaal Donostia - San Sebasti\u00e1n","og_description":"El Festival Internacional de Cine de San Sebasti\u00e1n celebr\u00f3 su 73\u00aa edici\u00f3n del 19 al 27 de septiembre de 2025, consolidando una vez m\u00e1s a la ciudad como uno de los grandes referentes del cine [&hellip;]","og_url":"https:\/\/www.kursaal.eus\/en\/2025\/09\/festival-internacional-de-cine-de-san-sebastian-2025\/","og_site_name":"Kursaal Donostia - San Sebasti\u00e1n","article_publisher":"https:\/\/www.facebook.com\/KursaalPalaciodeCongresosBiltzarJauregia","article_published_time":"2025-09-28T12:41:48+00:00","article_modified_time":"2026-03-25T11:39:45+00:00","og_image":[{"width":2560,"height":1441,"url":"https:\/\/www.kursaal.eus\/wp-content\/uploads\/2026\/03\/20250926_221757-scaled.jpg","type":"image\/jpeg"}],"author":"Practicas","twitter_misc":{"Written by":"Practicas","Est. reading time":"2 minutes"},"schema":{"@context":"https:\/\/schema.org","@graph":[{"@type":"Article","@id":"https:\/\/www.kursaal.eus\/en\/2025\/09\/festival-internacional-de-cine-de-san-sebastian-2025\/#article","isPartOf":{"@id":"https:\/\/www.kursaal.eus\/en\/2025\/09\/festival-internacional-de-cine-de-san-sebastian-2025\/"},"author":{"name":"Practicas","@id":"https:\/\/www.kursaal.eus\/es\/#\/schema\/person\/6bb0046f22ccaeaed2c144730cc7cba7"},"headline":"Festival Internacional de Cine de San Sebasti\u00e1n 2025","datePublished":"2025-09-28T12:41:48+00:00","dateModified":"2026-03-25T11:39:45+00:00","mainEntityOfPage":{"@id":"https:\/\/www.kursaal.eus\/en\/2025\/09\/festival-internacional-de-cine-de-san-sebastian-2025\/"},"wordCount":195,"image":{"@id":"https:\/\/www.kursaal.eus\/en\/2025\/09\/festival-internacional-de-cine-de-san-sebastian-2025\/#primaryimage"},"thumbnailUrl":"https:\/\/www.kursaal.eus\/wp-content\/uploads\/2026\/03\/20250926_221757-scaled.jpg","articleSection":["Event record"],"inLanguage":"en-EN"},{"@type":"WebPage","@id":"https:\/\/www.kursaal.eus\/en\/2025\/09\/festival-internacional-de-cine-de-san-sebastian-2025\/","url":"https:\/\/www.kursaal.eus\/en\/2025\/09\/festival-internacional-de-cine-de-san-sebastian-2025\/","name":"Festival Internacional de Cine de San Sebasti\u00e1n 2025 - Kursaal Donostia - San Sebasti\u00e1n","isPartOf":{"@id":"https:\/\/www.kursaal.eus\/es\/#website"},"primaryImageOfPage":{"@id":"https:\/\/www.kursaal.eus\/en\/2025\/09\/festival-internacional-de-cine-de-san-sebastian-2025\/#primaryimage"},"image":{"@id":"https:\/\/www.kursaal.eus\/en\/2025\/09\/festival-internacional-de-cine-de-san-sebastian-2025\/#primaryimage"},"thumbnailUrl":"https:\/\/www.kursaal.eus\/wp-content\/uploads\/2026\/03\/20250926_221757-scaled.jpg","datePublished":"2025-09-28T12:41:48+00:00","dateModified":"2026-03-25T11:39:45+00:00","author":{"@id":"https:\/\/www.kursaal.eus\/es\/#\/schema\/person\/6bb0046f22ccaeaed2c144730cc7cba7"},"inLanguage":"en-EN","potentialAction":[{"@type":"ReadAction","target":["https:\/\/www.kursaal.eus\/en\/2025\/09\/festival-internacional-de-cine-de-san-sebastian-2025\/"]}]},{"@type":"ImageObject","inLanguage":"en-EN","@id":"https:\/\/www.kursaal.eus\/en\/2025\/09\/festival-internacional-de-cine-de-san-sebastian-2025\/#primaryimage","url":"https:\/\/www.kursaal.eus\/wp-content\/uploads\/2026\/03\/20250926_221757-scaled.jpg","contentUrl":"https:\/\/www.kursaal.eus\/wp-content\/uploads\/2026\/03\/20250926_221757-scaled.jpg","width":2560,"height":1441},{"@type":"WebSite","@id":"https:\/\/www.kursaal.eus\/es\/#website","url":"https:\/\/www.kursaal.eus\/es\/","name":"Kursaal Donostia - San Sebasti\u00e1n","description":"Palacio de Congresos y Auditorio","potentialAction":[{"@type":"SearchAction","target":{"@type":"EntryPoint","urlTemplate":"https:\/\/www.kursaal.eus\/es\/?s={search_term_string}"},"query-input":{"@type":"PropertyValueSpecification","valueRequired":true,"valueName":"search_term_string"}}],"inLanguage":"en-EN"},{"@type":"Person","@id":"https:\/\/www.kursaal.eus\/es\/#\/schema\/person\/6bb0046f22ccaeaed2c144730cc7cba7","name":"Practicas","image":{"@type":"ImageObject","inLanguage":"en-EN","@id":"https:\/\/www.kursaal.eus\/es\/#\/schema\/person\/image\/","url":"https:\/\/secure.gravatar.com\/avatar\/0c6f0e7e0fac026d680a98f10e4a96dcf34d9752f41fa0246f470b21a27b5759?s=96&d=mm&r=g","contentUrl":"https:\/\/secure.gravatar.com\/avatar\/0c6f0e7e0fac026d680a98f10e4a96dcf34d9752f41fa0246f470b21a27b5759?s=96&d=mm&r=g","caption":"Practicas"},"url":"https:\/\/www.kursaal.eus\/en\/author\/practicas\/"}]}},"_links":{"self":[{"href":"https:\/\/www.kursaal.eus\/en\/wp-json\/wp\/v2\/posts\/103802","targetHints":{"allow":["GET"]}}],"collection":[{"href":"https:\/\/www.kursaal.eus\/en\/wp-json\/wp\/v2\/posts"}],"about":[{"href":"https:\/\/www.kursaal.eus\/en\/wp-json\/wp\/v2\/types\/post"}],"author":[{"embeddable":true,"href":"https:\/\/www.kursaal.eus\/en\/wp-json\/wp\/v2\/users\/10000092"}],"replies":[{"embeddable":true,"href":"https:\/\/www.kursaal.eus\/en\/wp-json\/wp\/v2\/comments?post=103802"}],"version-history":[{"count":1,"href":"https:\/\/www.kursaal.eus\/en\/wp-json\/wp\/v2\/posts\/103802\/revisions"}],"predecessor-version":[{"id":103808,"href":"https:\/\/www.kursaal.eus\/en\/wp-json\/wp\/v2\/posts\/103802\/revisions\/103808"}],"wp:featuredmedia":[{"embeddable":true,"href":"https:\/\/www.kursaal.eus\/en\/wp-json\/wp\/v2\/media\/103710"}],"wp:attachment":[{"href":"https:\/\/www.kursaal.eus\/en\/wp-json\/wp\/v2\/media?parent=103802"}],"wp:term":[{"taxonomy":"category","embeddable":true,"href":"https:\/\/www.kursaal.eus\/en\/wp-json\/wp\/v2\/categories?post=103802"},{"taxonomy":"post_tag","embeddable":true,"href":"https:\/\/www.kursaal.eus\/en\/wp-json\/wp\/v2\/tags?post=103802"}],"curies":[{"name":"wp","href":"https:\/\/api.w.org\/{rel}","templated":true}]}}