{"id":102314,"date":"2026-02-04T10:42:18","date_gmt":"2026-02-04T10:42:18","guid":{"rendered":"https:\/\/www.kursaal.eus\/?p=102314"},"modified":"2026-02-04T10:42:18","modified_gmt":"2026-02-04T10:42:18","slug":"cuarto-capitulo-de-la-integral-de-las-sinfonias-de-beethoven-en-kursaal-eszena","status":"publish","type":"post","link":"https:\/\/www.kursaal.eus\/en\/2026\/02\/cuarto-capitulo-de-la-integral-de-las-sinfonias-de-beethoven-en-kursaal-eszena\/","title":{"rendered":"Cuarto cap\u00edtulo de la Integral de las Sinfon\u00edas de Beethoven en Kursaal Eszena"},"content":{"rendered":"<p>\u2022 La Orchestre des Champs Elys\u00e9es y Philippe Herreweghe interpretar\u00e1n las Sinfon\u00edas n\u00ba2 y n\u00ba8.<\/p>\n<p>\u2022 Entradas a la venta en kursaal.eus y en las taquillas del Centro Kursaal.<\/p>\n<p>Hoy mi\u00e9rcoles 4 de febrero (19:30 h), la programaci\u00f3n cl\u00e1sica de Kursaal Eszena acoge el cuarto cap\u00edtulo de la Integral de las Sinfon\u00edas de Beethoven, a cargo de la Orchestre des Champs Elys\u00e9es, una vez m\u00e1s bajo la direcci\u00f3n de su fundador, Philippe Herreweghe. Como parte a esta revisi\u00f3n de las sinfon\u00edas de uno de los m\u00e1s grandes compositores de todos los tiempos que arrancara en el a\u00f1o 2023, se podr\u00e1 disfrutar de las Sinfon\u00edas n\u00ba 2 y n\u00ba8, en un di\u00e1logo entre la juventud y la madurez de Beethoven. Las entradas para este concierto se pueden adquirir en la web Kursaal.eus y en las taquillas del Kursaal (con un 10% de descuento para EszenaKides).<\/p>\n<p>Seg\u00fan se recoge en las notas al programa, \u201ccompuesta entre 1801 y 1802, la Segunda sinfon\u00eda pertenece al Beethoven temprano, pero ya anuncia con claridad la energ\u00eda expansiva y el \u00edmpetu expresivo que marcar\u00e1n su madurez. Su gestaci\u00f3n coincidi\u00f3 con la crisis personal del compositor reflejada en el Testamento de Heiligenstadt; sin embargo, la obra irradia una sorprendente vitalidad y ese contraste ha sido a menudo interpretado como un acto de afirmaci\u00f3n interior. Beethoven calific\u00f3 su Octava como una peque\u00f1a sinfon\u00eda en fa mayor, pero bajo ese aparente diminutivo se oculta una obra de extraordinaria concentraci\u00f3n e ingenio. Compuesta en 1812, representa a un Beethoven \u00edntimo y libre, menos solemne pero igual de profundo: un creador que, en plena madurez, puede permitirse sonre\u00edr sin dejar de sorprender\u201d.<\/p>\n<p>La Orquesta de los Campos El\u00edseos centra su actividad en la interpretaci\u00f3n con instrumentos de \u00e9poca del repertorio de Haydn hasta Debussy. Esta orquesta nace en 1991 de la mano de Alain Durel, director del teatro de los Campos El\u00edseos, y de Philippe Herreweghe. Durante varios a\u00f1os, la orquesta ha sido residente en el Th\u00e9\u00e2tre des Champs-\u00c9lys\u00e9es, en el Palais des Beaux-Arts de Bruselas y ha tocado en la mayor\u00eda de las principales salas de conciertos (Musikverein de Viena, Concertgebouw de Amsterdam, Barbican Centre de Londres, Philharmonies de Munich, Berlin y Colonia, Gewandhaus de Leipzig, Lincoln Center de Nueva York etc). El repertorio de la orquesta ha ido evolucionando a lo largo de los a\u00f1os y abarca actualmente m\u00e1s de 150 a\u00f1os de repertorio musical.<\/p>\n<p>A lo largo de su extensa carrera, Philippe Herreweghe crea diferentes grupos junto a los cuales interpreta de forma aut\u00e9ntica y real un repertorio musical que se extiende desde el Renacimiento hasta la m\u00fasica contempor\u00e1nea: La Chapelle Royale (1977), Ensemble Vocal Europ\u00e9en o la Orquesta de los Campos El\u00edseos. De 1982 a 2002, es director art\u00edstico de las Academias Musicales de Saintes. Desde 2009, colabora con el Collegium Vocale de Gent con el objetivo de crear un gran coro sinf\u00f3nico europeo y desde 2001 es director art\u00edstico de la Accademia delle Crete Senesi. Philippe Herreweghe busca siempre ampliar sus horizontes art\u00edsticos, interes\u00e1ndose entre otros por el repertorio de la m\u00fasica sinf\u00f3nica de Beethoven a Stravinsky.<\/p>\n<p><strong>INTEGRAL DE LAS SINFON\u00cdAS DE BEETHOVEN (IV)<\/strong><br \/>\n<strong>4 de febrero de 2026, 19:30 h.<\/strong> Auditorio Kursaal. 58 \/ 46 \/ 37 \/ 30 \/ 11 \u20ac<\/p>\n","protected":false},"excerpt":{"rendered":"<p>\u2022 La Orchestre des Champs Elys\u00e9es y Philippe Herreweghe interpretar\u00e1n las Sinfon\u00edas n\u00ba2 y n\u00ba8. \u2022 Entradas a la venta en kursaal.eus y en las taquillas del Centro Kursaal. Hoy mi\u00e9rcoles 4 de febrero (19:30 [&hellip;]<\/p>\n","protected":false},"author":4,"featured_media":102328,"comment_status":"closed","ping_status":"closed","sticky":false,"template":"","format":"standard","meta":{"_acf_changed":false,"footnotes":""},"categories":[1],"tags":[],"class_list":["post-102314","post","type-post","status-publish","format-standard","has-post-thumbnail","hentry","category-actualidad"],"acf":[],"yoast_head":"<!-- This site is optimized with the Yoast SEO plugin v27.0 - https:\/\/yoast.com\/product\/yoast-seo-wordpress\/ -->\n<title>Cuarto cap\u00edtulo de la Integral de las Sinfon\u00edas de Beethoven en Kursaal Eszena - Kursaal Donostia - San Sebasti\u00e1n<\/title>\n<meta name=\"robots\" content=\"index, follow, max-snippet:-1, max-image-preview:large, max-video-preview:-1\" \/>\n<link rel=\"canonical\" href=\"https:\/\/www.kursaal.eus\/es\/2026\/02\/cuarto-capitulo-de-la-integral-de-las-sinfonias-de-beethoven-en-kursaal-eszena\/\" \/>\n<meta property=\"og:locale\" content=\"en_US\" \/>\n<meta property=\"og:type\" content=\"article\" \/>\n<meta property=\"og:title\" content=\"Cuarto cap\u00edtulo de la Integral de las Sinfon\u00edas de Beethoven en Kursaal Eszena - Kursaal Donostia - San Sebasti\u00e1n\" \/>\n<meta property=\"og:description\" content=\"\u2022 La Orchestre des Champs Elys\u00e9es y Philippe Herreweghe interpretar\u00e1n las Sinfon\u00edas n\u00ba2 y n\u00ba8. \u2022 Entradas a la venta en kursaal.eus y en las taquillas del Centro Kursaal. Hoy mi\u00e9rcoles 4 de febrero (19:30 [&hellip;]\" \/>\n<meta property=\"og:url\" content=\"https:\/\/www.kursaal.eus\/es\/2026\/02\/cuarto-capitulo-de-la-integral-de-las-sinfonias-de-beethoven-en-kursaal-eszena\/\" \/>\n<meta property=\"og:site_name\" content=\"Kursaal Donostia - San Sebasti\u00e1n\" \/>\n<meta property=\"article:publisher\" content=\"https:\/\/www.facebook.com\/KursaalPalaciodeCongresosBiltzarJauregia\" \/>\n<meta property=\"article:published_time\" content=\"2026-02-04T10:42:18+00:00\" \/>\n<meta property=\"og:image\" content=\"https:\/\/www.kursaal.eus\/wp-content\/uploads\/2026\/02\/Beethoven_retrato.jpg\" \/>\n\t<meta property=\"og:image:width\" content=\"800\" \/>\n\t<meta property=\"og:image:height\" content=\"400\" \/>\n\t<meta property=\"og:image:type\" content=\"image\/jpeg\" \/>\n<meta name=\"author\" content=\"itziar_larranaga\" \/>\n<meta name=\"twitter:label1\" content=\"Written by\" \/>\n\t<meta name=\"twitter:data1\" content=\"itziar_larranaga\" \/>\n\t<meta name=\"twitter:label2\" content=\"Est. reading time\" \/>\n\t<meta name=\"twitter:data2\" content=\"3 minutes\" \/>\n<script type=\"application\/ld+json\" class=\"yoast-schema-graph\">{\"@context\":\"https:\/\/schema.org\",\"@graph\":[{\"@type\":\"Article\",\"@id\":\"https:\/\/www.kursaal.eus\/es\/2026\/02\/cuarto-capitulo-de-la-integral-de-las-sinfonias-de-beethoven-en-kursaal-eszena\/#article\",\"isPartOf\":{\"@id\":\"https:\/\/www.kursaal.eus\/es\/2026\/02\/cuarto-capitulo-de-la-integral-de-las-sinfonias-de-beethoven-en-kursaal-eszena\/\"},\"author\":{\"name\":\"itziar_larranaga\",\"@id\":\"https:\/\/www.kursaal.eus\/es\/#\/schema\/person\/fba65efb8aeb31214b751431353aa2fa\"},\"headline\":\"Cuarto cap\u00edtulo de la Integral de las Sinfon\u00edas de Beethoven en Kursaal Eszena\",\"datePublished\":\"2026-02-04T10:42:18+00:00\",\"mainEntityOfPage\":{\"@id\":\"https:\/\/www.kursaal.eus\/es\/2026\/02\/cuarto-capitulo-de-la-integral-de-las-sinfonias-de-beethoven-en-kursaal-eszena\/\"},\"wordCount\":575,\"image\":{\"@id\":\"https:\/\/www.kursaal.eus\/es\/2026\/02\/cuarto-capitulo-de-la-integral-de-las-sinfonias-de-beethoven-en-kursaal-eszena\/#primaryimage\"},\"thumbnailUrl\":\"https:\/\/www.kursaal.eus\/wp-content\/uploads\/2026\/02\/Beethoven_retrato.jpg\",\"articleSection\":[\"Actualidad\"],\"inLanguage\":\"en-EN\"},{\"@type\":\"WebPage\",\"@id\":\"https:\/\/www.kursaal.eus\/es\/2026\/02\/cuarto-capitulo-de-la-integral-de-las-sinfonias-de-beethoven-en-kursaal-eszena\/\",\"url\":\"https:\/\/www.kursaal.eus\/es\/2026\/02\/cuarto-capitulo-de-la-integral-de-las-sinfonias-de-beethoven-en-kursaal-eszena\/\",\"name\":\"Cuarto cap\u00edtulo de la Integral de las Sinfon\u00edas de Beethoven en Kursaal Eszena - Kursaal Donostia - San Sebasti\u00e1n\",\"isPartOf\":{\"@id\":\"https:\/\/www.kursaal.eus\/es\/#website\"},\"primaryImageOfPage\":{\"@id\":\"https:\/\/www.kursaal.eus\/es\/2026\/02\/cuarto-capitulo-de-la-integral-de-las-sinfonias-de-beethoven-en-kursaal-eszena\/#primaryimage\"},\"image\":{\"@id\":\"https:\/\/www.kursaal.eus\/es\/2026\/02\/cuarto-capitulo-de-la-integral-de-las-sinfonias-de-beethoven-en-kursaal-eszena\/#primaryimage\"},\"thumbnailUrl\":\"https:\/\/www.kursaal.eus\/wp-content\/uploads\/2026\/02\/Beethoven_retrato.jpg\",\"datePublished\":\"2026-02-04T10:42:18+00:00\",\"author\":{\"@id\":\"https:\/\/www.kursaal.eus\/es\/#\/schema\/person\/fba65efb8aeb31214b751431353aa2fa\"},\"inLanguage\":\"en-EN\",\"potentialAction\":[{\"@type\":\"ReadAction\",\"target\":[\"https:\/\/www.kursaal.eus\/es\/2026\/02\/cuarto-capitulo-de-la-integral-de-las-sinfonias-de-beethoven-en-kursaal-eszena\/\"]}]},{\"@type\":\"ImageObject\",\"inLanguage\":\"en-EN\",\"@id\":\"https:\/\/www.kursaal.eus\/es\/2026\/02\/cuarto-capitulo-de-la-integral-de-las-sinfonias-de-beethoven-en-kursaal-eszena\/#primaryimage\",\"url\":\"https:\/\/www.kursaal.eus\/wp-content\/uploads\/2026\/02\/Beethoven_retrato.jpg\",\"contentUrl\":\"https:\/\/www.kursaal.eus\/wp-content\/uploads\/2026\/02\/Beethoven_retrato.jpg\",\"width\":800,\"height\":400},{\"@type\":\"WebSite\",\"@id\":\"https:\/\/www.kursaal.eus\/es\/#website\",\"url\":\"https:\/\/www.kursaal.eus\/es\/\",\"name\":\"Kursaal Donostia - San Sebasti\u00e1n\",\"description\":\"Palacio de Congresos y Auditorio\",\"potentialAction\":[{\"@type\":\"SearchAction\",\"target\":{\"@type\":\"EntryPoint\",\"urlTemplate\":\"https:\/\/www.kursaal.eus\/es\/?s={search_term_string}\"},\"query-input\":{\"@type\":\"PropertyValueSpecification\",\"valueRequired\":true,\"valueName\":\"search_term_string\"}}],\"inLanguage\":\"en-EN\"},{\"@type\":\"Person\",\"@id\":\"https:\/\/www.kursaal.eus\/es\/#\/schema\/person\/fba65efb8aeb31214b751431353aa2fa\",\"name\":\"itziar_larranaga\",\"image\":{\"@type\":\"ImageObject\",\"inLanguage\":\"en-EN\",\"@id\":\"https:\/\/www.kursaal.eus\/es\/#\/schema\/person\/image\/\",\"url\":\"https:\/\/secure.gravatar.com\/avatar\/bb727cdfc19c38a97b67e43c8f3bbfcc12154d5a85d0b063db2d449985d41ab4?s=96&d=mm&r=g\",\"contentUrl\":\"https:\/\/secure.gravatar.com\/avatar\/bb727cdfc19c38a97b67e43c8f3bbfcc12154d5a85d0b063db2d449985d41ab4?s=96&d=mm&r=g\",\"caption\":\"itziar_larranaga\"},\"url\":\"https:\/\/www.kursaal.eus\/en\/author\/auria_etxeandia\/\"}]}<\/script>\n<!-- \/ Yoast SEO plugin. -->","yoast_head_json":{"title":"Cuarto cap\u00edtulo de la Integral de las Sinfon\u00edas de Beethoven en Kursaal Eszena - Kursaal Donostia - San Sebasti\u00e1n","robots":{"index":"index","follow":"follow","max-snippet":"max-snippet:-1","max-image-preview":"max-image-preview:large","max-video-preview":"max-video-preview:-1"},"canonical":"https:\/\/www.kursaal.eus\/es\/2026\/02\/cuarto-capitulo-de-la-integral-de-las-sinfonias-de-beethoven-en-kursaal-eszena\/","og_locale":"en_US","og_type":"article","og_title":"Cuarto cap\u00edtulo de la Integral de las Sinfon\u00edas de Beethoven en Kursaal Eszena - Kursaal Donostia - San Sebasti\u00e1n","og_description":"\u2022 La Orchestre des Champs Elys\u00e9es y Philippe Herreweghe interpretar\u00e1n las Sinfon\u00edas n\u00ba2 y n\u00ba8. \u2022 Entradas a la venta en kursaal.eus y en las taquillas del Centro Kursaal. Hoy mi\u00e9rcoles 4 de febrero (19:30 [&hellip;]","og_url":"https:\/\/www.kursaal.eus\/es\/2026\/02\/cuarto-capitulo-de-la-integral-de-las-sinfonias-de-beethoven-en-kursaal-eszena\/","og_site_name":"Kursaal Donostia - San Sebasti\u00e1n","article_publisher":"https:\/\/www.facebook.com\/KursaalPalaciodeCongresosBiltzarJauregia","article_published_time":"2026-02-04T10:42:18+00:00","og_image":[{"width":800,"height":400,"url":"https:\/\/www.kursaal.eus\/wp-content\/uploads\/2026\/02\/Beethoven_retrato.jpg","type":"image\/jpeg"}],"author":"itziar_larranaga","twitter_misc":{"Written by":"itziar_larranaga","Est. reading time":"3 minutes"},"schema":{"@context":"https:\/\/schema.org","@graph":[{"@type":"Article","@id":"https:\/\/www.kursaal.eus\/es\/2026\/02\/cuarto-capitulo-de-la-integral-de-las-sinfonias-de-beethoven-en-kursaal-eszena\/#article","isPartOf":{"@id":"https:\/\/www.kursaal.eus\/es\/2026\/02\/cuarto-capitulo-de-la-integral-de-las-sinfonias-de-beethoven-en-kursaal-eszena\/"},"author":{"name":"itziar_larranaga","@id":"https:\/\/www.kursaal.eus\/es\/#\/schema\/person\/fba65efb8aeb31214b751431353aa2fa"},"headline":"Cuarto cap\u00edtulo de la Integral de las Sinfon\u00edas de Beethoven en Kursaal Eszena","datePublished":"2026-02-04T10:42:18+00:00","mainEntityOfPage":{"@id":"https:\/\/www.kursaal.eus\/es\/2026\/02\/cuarto-capitulo-de-la-integral-de-las-sinfonias-de-beethoven-en-kursaal-eszena\/"},"wordCount":575,"image":{"@id":"https:\/\/www.kursaal.eus\/es\/2026\/02\/cuarto-capitulo-de-la-integral-de-las-sinfonias-de-beethoven-en-kursaal-eszena\/#primaryimage"},"thumbnailUrl":"https:\/\/www.kursaal.eus\/wp-content\/uploads\/2026\/02\/Beethoven_retrato.jpg","articleSection":["Actualidad"],"inLanguage":"en-EN"},{"@type":"WebPage","@id":"https:\/\/www.kursaal.eus\/es\/2026\/02\/cuarto-capitulo-de-la-integral-de-las-sinfonias-de-beethoven-en-kursaal-eszena\/","url":"https:\/\/www.kursaal.eus\/es\/2026\/02\/cuarto-capitulo-de-la-integral-de-las-sinfonias-de-beethoven-en-kursaal-eszena\/","name":"Cuarto cap\u00edtulo de la Integral de las Sinfon\u00edas de Beethoven en Kursaal Eszena - Kursaal Donostia - San Sebasti\u00e1n","isPartOf":{"@id":"https:\/\/www.kursaal.eus\/es\/#website"},"primaryImageOfPage":{"@id":"https:\/\/www.kursaal.eus\/es\/2026\/02\/cuarto-capitulo-de-la-integral-de-las-sinfonias-de-beethoven-en-kursaal-eszena\/#primaryimage"},"image":{"@id":"https:\/\/www.kursaal.eus\/es\/2026\/02\/cuarto-capitulo-de-la-integral-de-las-sinfonias-de-beethoven-en-kursaal-eszena\/#primaryimage"},"thumbnailUrl":"https:\/\/www.kursaal.eus\/wp-content\/uploads\/2026\/02\/Beethoven_retrato.jpg","datePublished":"2026-02-04T10:42:18+00:00","author":{"@id":"https:\/\/www.kursaal.eus\/es\/#\/schema\/person\/fba65efb8aeb31214b751431353aa2fa"},"inLanguage":"en-EN","potentialAction":[{"@type":"ReadAction","target":["https:\/\/www.kursaal.eus\/es\/2026\/02\/cuarto-capitulo-de-la-integral-de-las-sinfonias-de-beethoven-en-kursaal-eszena\/"]}]},{"@type":"ImageObject","inLanguage":"en-EN","@id":"https:\/\/www.kursaal.eus\/es\/2026\/02\/cuarto-capitulo-de-la-integral-de-las-sinfonias-de-beethoven-en-kursaal-eszena\/#primaryimage","url":"https:\/\/www.kursaal.eus\/wp-content\/uploads\/2026\/02\/Beethoven_retrato.jpg","contentUrl":"https:\/\/www.kursaal.eus\/wp-content\/uploads\/2026\/02\/Beethoven_retrato.jpg","width":800,"height":400},{"@type":"WebSite","@id":"https:\/\/www.kursaal.eus\/es\/#website","url":"https:\/\/www.kursaal.eus\/es\/","name":"Kursaal Donostia - San Sebasti\u00e1n","description":"Palacio de Congresos y Auditorio","potentialAction":[{"@type":"SearchAction","target":{"@type":"EntryPoint","urlTemplate":"https:\/\/www.kursaal.eus\/es\/?s={search_term_string}"},"query-input":{"@type":"PropertyValueSpecification","valueRequired":true,"valueName":"search_term_string"}}],"inLanguage":"en-EN"},{"@type":"Person","@id":"https:\/\/www.kursaal.eus\/es\/#\/schema\/person\/fba65efb8aeb31214b751431353aa2fa","name":"itziar_larranaga","image":{"@type":"ImageObject","inLanguage":"en-EN","@id":"https:\/\/www.kursaal.eus\/es\/#\/schema\/person\/image\/","url":"https:\/\/secure.gravatar.com\/avatar\/bb727cdfc19c38a97b67e43c8f3bbfcc12154d5a85d0b063db2d449985d41ab4?s=96&d=mm&r=g","contentUrl":"https:\/\/secure.gravatar.com\/avatar\/bb727cdfc19c38a97b67e43c8f3bbfcc12154d5a85d0b063db2d449985d41ab4?s=96&d=mm&r=g","caption":"itziar_larranaga"},"url":"https:\/\/www.kursaal.eus\/en\/author\/auria_etxeandia\/"}]}},"_links":{"self":[{"href":"https:\/\/www.kursaal.eus\/en\/wp-json\/wp\/v2\/posts\/102314","targetHints":{"allow":["GET"]}}],"collection":[{"href":"https:\/\/www.kursaal.eus\/en\/wp-json\/wp\/v2\/posts"}],"about":[{"href":"https:\/\/www.kursaal.eus\/en\/wp-json\/wp\/v2\/types\/post"}],"author":[{"embeddable":true,"href":"https:\/\/www.kursaal.eus\/en\/wp-json\/wp\/v2\/users\/4"}],"replies":[{"embeddable":true,"href":"https:\/\/www.kursaal.eus\/en\/wp-json\/wp\/v2\/comments?post=102314"}],"version-history":[{"count":1,"href":"https:\/\/www.kursaal.eus\/en\/wp-json\/wp\/v2\/posts\/102314\/revisions"}],"predecessor-version":[{"id":102332,"href":"https:\/\/www.kursaal.eus\/en\/wp-json\/wp\/v2\/posts\/102314\/revisions\/102332"}],"wp:featuredmedia":[{"embeddable":true,"href":"https:\/\/www.kursaal.eus\/en\/wp-json\/wp\/v2\/media\/102328"}],"wp:attachment":[{"href":"https:\/\/www.kursaal.eus\/en\/wp-json\/wp\/v2\/media?parent=102314"}],"wp:term":[{"taxonomy":"category","embeddable":true,"href":"https:\/\/www.kursaal.eus\/en\/wp-json\/wp\/v2\/categories?post=102314"},{"taxonomy":"post_tag","embeddable":true,"href":"https:\/\/www.kursaal.eus\/en\/wp-json\/wp\/v2\/tags?post=102314"}],"curies":[{"name":"wp","href":"https:\/\/api.w.org\/{rel}","templated":true}]}}